{"id":990,"date":"2024-01-08T10:53:18","date_gmt":"2024-01-08T13:53:18","guid":{"rendered":"https:\/\/www.imagen.cl\/blog\/?p=990"},"modified":"2024-01-08T10:53:18","modified_gmt":"2024-01-08T13:53:18","slug":"intuicion","status":"publish","type":"post","link":"https:\/\/www.imagen.cl\/blog\/index.php\/2024\/01\/08\/intuicion\/","title":{"rendered":"Intuici\u00f3n"},"content":{"rendered":"\n<p><strong><em>El veery, es un peque\u00f1o tipo de zorzal<\/em><\/strong>&nbsp;que habita los bosques del sur de Canad\u00e1 y el norte de Estados Unidos.&nbsp;<strong><em>Cada a\u00f1o realiza una proeza monumental.&nbsp;<\/em><\/strong>Esta ave, de apenas 30 gramos, emprende un viaje de 8.000 kil\u00f3metros cruzando el Golfo de M\u00e9xico y el Mar Caribe hasta llegar a los bosques del sur de Brasil para invernar. Este trayecto es especialmente peligroso debido a la temporada de huracanes. Christopher Heckscher, ec\u00f3logo de la Universidad Estatal de Delaware, ha dedicado m\u00e1s de 25 a\u00f1os al estudio de los veery. Utilizando diminutos GPS ha rastreado sus patrones migratorios y descubierto que algunas aves incluso regresan a los mismos \u00e1rboles a\u00f1o tras a\u00f1o.&nbsp;En el reciente art\u00edculo para National Geographic,&nbsp;<strong><em>This bird can predict the intensity of a hurricane season.&nbsp;<\/em><\/strong><strong><em>Here\u2019s how<\/em><\/strong>, Heckscher revela que&nbsp;<strong><em>por accidente se percat\u00f3<\/em><\/strong>&nbsp;que estas aves migran en distintas \u00e9pocas dependiendo del a\u00f1o, un comportamiento aparentemente il\u00f3gico que podr\u00eda impactar la supervivencia de sus cr\u00edas. En sus palabras:<\/p>\n\n\n\n<p><strong><em>&#8220;Pens\u00e9, bueno, los huracanes ocurren al mismo tiempo que est\u00e1n migrando,&nbsp;<\/em><\/strong><em>tal vez si terminan la temporada de cr\u00eda temprano pueden llegar all\u00ed antes&#8221;.<\/em><\/p>\n\n\n\n<p>Con esta&nbsp;<strong><em>intuici\u00f3n<\/em><\/strong>&nbsp;en mente, Heckscher analiz\u00f3 sus datos y estudios de m\u00e1s de dos d\u00e9cadas y en 2018 public\u00f3 su art\u00edculo&nbsp;<strong><em>A Nearctic-Neotropical Migratory Songbird\u2019s Nesting Phenology and Clutch Size are Predictors of Accumulated Cyclone Energy<\/em><\/strong>. En \u00e9l, demuestra que los patrones migratorios del veery predicen con precisi\u00f3n la intensidad de la temporada de huracanes en el Atl\u00e1ntico. En a\u00f1os de huracanes m\u00e1s intensos o frecuentes, las aves acortan su temporada reproductiva para migrar antes a Am\u00e9rica del Sur. Por el contrario, en a\u00f1os con huracanes menos intensos, permanecen m\u00e1s tiempo en Am\u00e9rica del Norte.&nbsp;<strong><em>Sorprendentemente, en las \u00faltimas cuatro temporadas, los veery han sido tan o m\u00e1s precisos en sus predicciones que los modelos meteorol\u00f3gicos avanzados.<\/em><\/strong>&nbsp;Andrew Farnsworth, del Laboratorio de Ornitolog\u00eda de Cornell, comenta:<\/p>\n\n\n\n<p><strong><em>&#8220;Es un estudio fascinante.<\/em><\/strong><em>&nbsp;El hecho de que exista un patr\u00f3n interesante como este tiene todo el sentido.&nbsp;<strong>Hay una gran cantidad de eventos conectados, una especie de efecto mariposa&#8221;.<\/strong><\/em><\/p>\n\n\n\n<p>En su libro&nbsp;<strong><em>Biomimicry: Innovation Inspired by Nature<\/em><\/strong>, Janine Benyus sostiene que el principio fundamental de la vida en la Tierra puede resumirse as\u00ed:<\/p>\n\n\n\n<p><strong><em>&#8220;La vida crea condiciones favorables para generar m\u00e1s vida&#8221;.<\/em><\/strong><\/p>\n\n\n\n<p>A lo largo de millones de a\u00f1os, los seres vivos han formado un sistema global de soporte vital y, dentro de este sistema, han creado innumerables nichos para una diversidad de organismos. Los animales, aunque aprenden,&nbsp;<strong><em>dependen en gran medida de sus instintos para interactuar con su entorno,<\/em><\/strong>&nbsp;manejar sus circunstancias y anticipar peligros, actuando as\u00ed con rapidez y eficacia. Por otro lado, los seres humanos nos basamos en el pensamiento y la raz\u00f3n para comprender nuestras circunstancias y entorno. Robert Greene, en su libro&nbsp;<strong><em>Maestr\u00eda<\/em><\/strong>, argumenta que muchos de nuestros procesos mentales tienden a ser obsesivamente racionales y nos desconectan del mundo que nos rodea. Seg\u00fan \u00e9l,<\/p>\n\n\n\n<p><em>&#8220;Las&nbsp;<strong>facultades intuitivas&nbsp;<\/strong>son una combinaci\u00f3n de lo instintivo y lo racional, lo consciente y lo inconsciente, lo humano y lo animal&#8221;.<\/em><\/p>\n\n\n\n<p><strong><em>La intuici\u00f3n humana, evolucion\u00f3 como una facultad complementaria al desarrollo de las habilidades racionales, para procesar informaci\u00f3n compleja y reaccionar r\u00e1pidamente a nuestro entorno.<\/em><\/strong>&nbsp;Esta inteligencia, basada en la memoria y la experiencia, facilita la toma de decisiones complejas, m\u00e1s que en razonamientos detallados.&nbsp;<strong><em>Con el tiempo, la intuici\u00f3n se afina y se adapta<\/em><\/strong>, resultando \u00fatil en diversos campos y situaciones.&nbsp;<strong><em>Su desarrollo y efectividad dependen de la acumulaci\u00f3n de experiencias y de la formaci\u00f3n de redes de memoria en el cerebro.<\/em><\/strong><\/p>\n\n\n\n<p>Un ejemplo destacado del desarrollo de capacidades intuitivas son los pueblos ind\u00edgenas de Ocean\u00eda, incluyendo Micronesia, Melanesia y Polinesia, conocidos por su habilidad para&nbsp;<strong><em>navegar largas distancias sin mapas ni br\u00fajulas.<\/em><\/strong>&nbsp;En las islas Carolinas, se mantiene este conocimiento ancestral sobre la construcci\u00f3n de embarcaciones y navegaci\u00f3n. Los isle\u00f1os viajan con tres o cuatro hombres a bordo, uno de los cuales es el jefe de navegaci\u00f3n. Zarpan indistintamente de d\u00eda o de noche.&nbsp;<a>El jefe de navegaci\u00f3n mira ocasionalmente el cielo nocturno o la posici\u00f3n del sol. Greene comenta:<\/a><\/p>\n\n\n\n<p><strong><em>\u201cA veces uno de los hombres se tend\u00eda bocabajo en medio de la canoa y transmit\u00eda la informaci\u00f3n obtenida.<\/em><\/strong><em>&nbsp;En general, daban la impresi\u00f3n de ser pasajeros de un tren, contemplando serenamente el paisaje. De noche parec\u00edan a\u00fan m\u00e1s tranquilos. Cuando presumiblemente se acercaban a su destino, se pon\u00edan un poco m\u00e1s alertas.&nbsp;<strong>Segu\u00edan la trayectoria de las aves en el cielo; examinaban atentamente el agua, que a veces tomaban en sus manos y ol\u00edan\u201d.<\/strong><\/em><\/p>\n\n\n\n<p><strong><em>Durante siglos, los isle\u00f1os han elaborado un mapa basado en el movimiento de catorce constelaciones<\/em><\/strong>, el sol y la luna, que juntos indican treinta y dos direcciones. Este mapa celestial les permite identificar la ubicaci\u00f3n de todas las islas de su regi\u00f3n.&nbsp;<strong><em>Sin un sistema de escritura, los aprendices deben memorizar este complejo mapa.<\/em><\/strong>&nbsp;Adem\u00e1s, los navegantes aprenden a interpretar una docena de se\u00f1ales naturales adicionales. En su entrenamiento, los j\u00f3venes navegantes son llevados al oc\u00e9ano, donde se les hace flotar por horas.&nbsp;<strong><em>Aprenden a distinguir las diversas corrientes y vientos seg\u00fan los sienten en su piel,<\/em><\/strong>&nbsp;as\u00ed como a interpretar el comportamiento de las aves, los cambios en el agua, las nubes y la luz.&nbsp;<strong><em>Los navegantes experimentados, sin embargo, apenas necesitan observar estos signos, pues les basta con ver una estrella en el cielo para saber d\u00f3nde est\u00e1n.<\/em><\/strong>&nbsp;El ling\u00fcista Daniel Everett, famoso por su trabajo con el pueblo pirah\u00e3 en el Amazonas, en su art\u00edculo&nbsp;<strong><em>Dark Matter of the Mind&nbsp;<\/em><\/strong>se\u00f1ala:<\/p>\n\n\n\n<p><em>\u201cEl cerebro est\u00e1 en un cuerpo en una cultura.&nbsp;<strong>La cognici\u00f3n surge de un individuo completo formado a partir de la acci\u00f3n f\u00edsica, la vida cultural y la percepci\u00f3n individual\u201d.<\/strong><\/em><strong><\/strong><\/p>\n\n\n\n<p><strong><em>Para los habitantes de las islas polinesias, su m\u00e9todo de navegaci\u00f3n era coherente y adecuado a sus circunstancias.&nbsp;<\/em><\/strong>En contraste,&nbsp;<strong><em>en nuestra sociedad tecnol\u00f3gica, enfrentamos adem\u00e1s otro tipo de desaf\u00edos.<\/em><\/strong>&nbsp;Un ejemplo es el vuelo 1549 de US Airways, que despeg\u00f3 del aeropuerto La Guardia en Nueva York el 15 de enero de 2009. Llevando 150 pasajeros y cinco tripulantes, el Airbus A320 choc\u00f3 con una bandada de gansos poco despu\u00e9s del despegue, quedando sin propulsi\u00f3n. El piloto Chesley Sullenberger y su copiloto Jeffrey Skiles, tras evaluar r\u00e1pidamente la situaci\u00f3n y los protocolos, decidieron amerizar en el r\u00edo Hudson debido a la r\u00e1pida p\u00e9rdida de altura. Esta maniobra, que salv\u00f3 a las 155 personas a bordo, fue posteriormente denominada el&nbsp;<strong><em>Milagro del Hudson<\/em><\/strong>.<\/p>\n\n\n\n<p>La Junta Nacional de Seguridad en el Transporte&nbsp;<strong><em>(NTSB)<\/em><\/strong>&nbsp;investig\u00f3 el incidente, utilizando simuladores de vuelo para evaluar otras posibilidades, como regresar a La Guardia o desviarse al aeropuerto de Teterboro. Sin embargo, las simulaciones demostraron que esas alternativas eran poco viables. Sullenberger argument\u00f3 en su testimonio ante la NTSB que&nbsp;<strong><em>no hab\u00eda habido tiempo para llevar el avi\u00f3n a ning\u00fan aeropuerto y que intentarlo probablemente habr\u00eda matado a los que estaban a bordo y m\u00e1s en tierra.&nbsp;<\/em><\/strong>El piloto William Langewiesche afirm\u00f3 que por dise\u00f1o las computadoras del A320, realizan ajustes y definen l\u00edmites para mantener el avi\u00f3n estable que el piloto no puede anular ni siquiera en una emergencia. Sullenberger explic\u00f3 que&nbsp;<strong><em>estas restricciones impuestas por computadora le impidieron lograr el \u00e1ngulo de ataque \u00f3ptimo para el amarizaje<\/em><\/strong>&nbsp;lo que, seg\u00fan \u00e9l, habr\u00eda suavizado a\u00fan m\u00e1s el impacto.<\/p>\n\n\n\n<p>Sullenberger ten\u00eda 58 a\u00f1os cuando experiment\u00f3 este accidente. Como humano a cargo, basado en sus muchos a\u00f1os de experiencia consider\u00f3 que la alternativa m\u00e1s segura era amerizar en el Hudson.&nbsp;<strong><em>Las computadoras procesan informaci\u00f3n basada en datos conocidos, pero, esta era una condici\u00f3n que nunca hab\u00eda ocurrido, ni se pensaba que pod\u00eda suceder.&nbsp;<\/em><\/strong>En 2017, en el art\u00edculo&nbsp;<strong><em>Can Sully Transform the World of Self-Driving Cars?<\/em><\/strong>, Sullenberger coment\u00f3:<\/p>\n\n\n\n<p><strong><em>\u201cPas\u00e9 toda mi vida profesional convirti\u00e9ndome en un experto y pensando profundamente en c\u00f3mo se usa la tecnolog\u00eda.&nbsp;<\/em><\/strong><em>Necesitamos asignar el mejor papel posible al componente humano y al componente tecnol\u00f3gico, teniendo en cuenta las debilidades y fortalezas de cada uno.&nbsp;<strong>Hacer que los dise\u00f1os que implementamos y usamos sean complementarios es una de las decisiones m\u00e1s importantes que debemos tomar\u201d.<\/strong><\/em><\/p>\n\n\n\n<p>Es preferible que los humanos tengamos un compromiso m\u00e1s directo con la acci\u00f3n y la tecnolog\u00eda proporcione asistencia para evitar que cometamos errores atroces y para monitorear nuestro desempe\u00f1o. En palabras de Sullenberger:<\/p>\n\n\n\n<p><strong><em>\u201cEs posible que hayamos ido demasiado lejos en el uso de tecnolog\u00eda&nbsp;<\/em><\/strong><em>que elimina a los operadores humanos del compromiso inmediato con el proceso.&nbsp;<strong>Esto degrada sus habilidades y los deja con menos confianza para poder intervenir r\u00e1pida y efectivamente\u201d.<\/strong><\/em><\/p>\n\n\n\n<p>Si decidimos delegar progresivamente m\u00e1s actividades a las m\u00e1quinas, corremos el riesgo de menoscabar una de las cualidades m\u00e1s destacadas de la naturaleza humana:&nbsp;<strong><em>la intuici\u00f3n<\/em><\/strong>. Esta forma de conocimiento se desarrolla a trav\u00e9s de&nbsp;<strong><em>la experiencia, atenci\u00f3n y pr\u00e1ctica constante,<\/em><\/strong>&nbsp;y es una habilidad fundamental para impulsar la creatividad y tomar decisiones en situaciones inesperadas.&nbsp;<strong><em>La forma de acceder a esta inteligencia requiere conectar con las tripas y la emoci\u00f3n.<\/em><\/strong>&nbsp;William Duggan, en su libro&nbsp;<strong><em>Strategic Intuition: The Creative Spark in Human Achievement<\/em><\/strong>&nbsp;identifica tres tipos de intuiciones: ordinaria, experta y estrat\u00e9gica.<\/p>\n\n\n\n<ul><li><strong>La intuici\u00f3n ordinaria<\/strong>&nbsp;es una reacci\u00f3n instintiva o emocional inmediata a situaciones o personas, como un presentimiento o corazonada. Es la forma m\u00e1s b\u00e1sica de intuici\u00f3n, que permite una r\u00e1pida evaluaci\u00f3n y respuesta, como sentir miedo en situaciones potencialmente peligrosas. Esta intuici\u00f3n act\u00faa sin un proceso de pensamiento consciente, guiada principalmente por emociones reactivas y percepciones autom\u00e1ticas.<\/li><li><strong>La intuici\u00f3n experta<\/strong>&nbsp;es un juicio instant\u00e1neo formado por la experiencia y el reconocimiento de patrones. A menudo se manifiesta en profesionales que, tras a\u00f1os de pr\u00e1ctica, pueden tomar decisiones r\u00e1pidas y precisas en situaciones complejas con informaci\u00f3n limitada. Esta intuici\u00f3n se basa en una especie de memoria muscular que permite actuar adecuadamente casi de forma autom\u00e1tica.<\/li><li><strong>La intuici\u00f3n estrat\u00e9gica<\/strong>&nbsp;es una s\u00fabita claridad mental que emerge en situaciones nuevas, permitiendo ver la soluci\u00f3n obvia a un problema que previamente era confuso. La intuici\u00f3n estrat\u00e9gica requiere desactivar el pensamiento basado en experiencias pasadas para permitir la formaci\u00f3n de nuevas conexiones y percepciones. Se caracteriza por su capacidad de adaptarse a situaciones in\u00e9ditas, generando soluciones innovadoras.<\/li><\/ul>\n\n\n\n<p>Andy Clark y David Chalmers en su art\u00edculo&nbsp;<strong><em>The Extended Mind<\/em><\/strong>&nbsp;afirman que los objetos y tecnolog\u00edas del entorno operan como parte de nuestra mente. Sostienen que&nbsp;<strong><em>la separaci\u00f3n entre la mente, el cuerpo y el entorno es una distinci\u00f3n sin fundamento.<\/em><\/strong>&nbsp;Debido a que los objetos externos desempe\u00f1an un papel importante en la ayuda a los procesos cognitivos, la mente y el entorno act\u00faan como&nbsp;<strong><em>un sistema cognitivo integrado.&nbsp;<\/em><\/strong>Es f\u00e1cil prendarse de las facultades que la tecnolog\u00eda nos aporta y verlas como el fin y no como un medio. Cuando esto sucede, pensamos que el mapa es el territorio.&nbsp;<strong><em>Nos conectamos con un entorno virtual<\/em><\/strong>, que es una limitada representaci\u00f3n de la realidad y&nbsp;<strong><em>atrofiamos lentamente nuestras capacidades humanas innatas.&nbsp;<\/em><\/strong>Greene escribe:<\/p>\n\n\n\n<p><strong><em>\u201cSi hay una herramienta de la que debas enamorarte y adorar es el cerebro humano,<\/em><\/strong><em>&nbsp;el instrumento procesador de informaci\u00f3n m\u00e1s milagroso e imponente jam\u00e1s ideado en el universo conocido, con una complejidad que ni siquiera podemos empezar a desentra\u00f1ar y&nbsp;<strong>con facultades dimensionales que aventajan con mucho, en refinamiento y utilidad, a cualquier pieza de tecnolog\u00eda\u201d.<\/strong><\/em><\/p>\n\n\n\n<p><strong><em>Para ser observadores sensibles a nuestro mundo complejo, no debemos sucumbir a las distracciones que la tecnolog\u00eda permite; tenemos que ser un poco primitivos.<\/em><\/strong>&nbsp;Los instrumentos esenciales de los que dependemos deben ser nuestros sentidos para percibir y nuestro cerebro para interpretar. Necesitamos recuperar y volver a conectar profundamente con la inteligencia de nuestro cuerpo, v\u00edsceras y coraz\u00f3n. La banda de rock&nbsp;<strong><em>El Cuarteto de Nos<\/em><\/strong>&nbsp;en su canci\u00f3n&nbsp;<em>Roberto<\/em>&nbsp;aconseja:<\/p>\n\n\n\n<p><strong><em>\u201cA veces lo que dice el alma puede estar en lo cierto.<\/em><\/strong><\/p>\n\n\n\n<p><em>No te quejes de las voces que solo quieren darte un consejo.<\/em><\/p>\n\n\n\n<p><strong><em>El d\u00eda que no escuches estas voces es que vas a estar muerto\u201d.<\/em><\/strong><\/p>\n","protected":false},"excerpt":{"rendered":"<p>El veery, es un peque\u00f1o tipo de zorzal&nbsp;que habita los bosques del sur de Canad\u00e1 y el norte de Estados Unidos.&nbsp;Cada a\u00f1o realiza una proeza monumental.&nbsp;Esta ave, de apenas 30 gramos, emprende un viaje de 8.000 kil\u00f3metros cruzando el Golfo de M\u00e9xico y el Mar Caribe hasta llegar a los bosques del sur de Brasil para invernar. Este trayecto es [&hellip;]<\/p>\n","protected":false},"author":1,"featured_media":991,"comment_status":"open","ping_status":"open","sticky":false,"template":"","format":"standard","meta":[],"categories":[34,158,30,285,80,242,109,127,28,48,332,334,64,52,147,160,313,327,140,323,278,33,50,90,108,58,328,241,267,138,110,266,403,126,98,15,317,227,31,320,243,214,152,211,159,284,324,19,319,84,119,224,335,304,47,240,85,76,59,53,287,269,101,51,321],"tags":[],"_links":{"self":[{"href":"https:\/\/www.imagen.cl\/blog\/index.php\/wp-json\/wp\/v2\/posts\/990"}],"collection":[{"href":"https:\/\/www.imagen.cl\/blog\/index.php\/wp-json\/wp\/v2\/posts"}],"about":[{"href":"https:\/\/www.imagen.cl\/blog\/index.php\/wp-json\/wp\/v2\/types\/post"}],"author":[{"embeddable":true,"href":"https:\/\/www.imagen.cl\/blog\/index.php\/wp-json\/wp\/v2\/users\/1"}],"replies":[{"embeddable":true,"href":"https:\/\/www.imagen.cl\/blog\/index.php\/wp-json\/wp\/v2\/comments?post=990"}],"version-history":[{"count":1,"href":"https:\/\/www.imagen.cl\/blog\/index.php\/wp-json\/wp\/v2\/posts\/990\/revisions"}],"predecessor-version":[{"id":992,"href":"https:\/\/www.imagen.cl\/blog\/index.php\/wp-json\/wp\/v2\/posts\/990\/revisions\/992"}],"wp:featuredmedia":[{"embeddable":true,"href":"https:\/\/www.imagen.cl\/blog\/index.php\/wp-json\/wp\/v2\/media\/991"}],"wp:attachment":[{"href":"https:\/\/www.imagen.cl\/blog\/index.php\/wp-json\/wp\/v2\/media?parent=990"}],"wp:term":[{"taxonomy":"category","embeddable":true,"href":"https:\/\/www.imagen.cl\/blog\/index.php\/wp-json\/wp\/v2\/categories?post=990"},{"taxonomy":"post_tag","embeddable":true,"href":"https:\/\/www.imagen.cl\/blog\/index.php\/wp-json\/wp\/v2\/tags?post=990"}],"curies":[{"name":"wp","href":"https:\/\/api.w.org\/{rel}","templated":true}]}}