{"id":1533,"date":"2026-03-16T11:08:06","date_gmt":"2026-03-16T14:08:06","guid":{"rendered":"https:\/\/www.imagen.cl\/blog\/?p=1533"},"modified":"2026-03-16T11:08:06","modified_gmt":"2026-03-16T14:08:06","slug":"incertidumbre-radical","status":"publish","type":"post","link":"https:\/\/www.imagen.cl\/blog\/index.php\/2026\/03\/16\/incertidumbre-radical\/","title":{"rendered":"Incertidumbre radical"},"content":{"rendered":"\n<p>El pensador esloveno Slavoj \u017di\u017eek, uno de los m\u00e1s influyentes, controvertidos y prol\u00edficos de los \u00faltimos tiempos, ha explorado c\u00f3mo los&nbsp;<strong>\u201cacontecimientos\u201d<\/strong>&nbsp;rompen la continuidad hist\u00f3rica. En su libro&nbsp;<strong><em>Quantum History&nbsp;<\/em><\/strong>(2025) argumenta que la mec\u00e1nica cu\u00e1ntica sugiere que lo real&nbsp;<strong>est\u00e1 \u201cquebrado\u201d por un vac\u00edo<\/strong>; la&nbsp;<strong>\u201cincompletitud no es un fracaso del conocimiento sino una propiedad de la existencia misma\u201d<\/strong>. \u017di\u017eek insiste en que la&nbsp;<strong>realidad en s\u00ed es incompleta<\/strong>. Desde la f\u00edsica cu\u00e1ntica, sabemos que el observador afecta los resultados. Niels Bohr sosten\u00eda que esa&nbsp;<strong>\u201cbrecha\u201d<\/strong>&nbsp;debe ser intr\u00ednseca a la realidad:&nbsp;<strong>&#8220;Todo lo que llamamos real est\u00e1 hecho de cosas que no pueden considerarse reales&#8221;<\/strong>. Seg\u00fan \u017di\u017eek:&nbsp;<strong>\u201cla genialidad de la mec\u00e1nica cu\u00e1ntica est\u00e1 en su obvia incompletitud. No podemos conocer todo sobre la realidad\u2026 la realidad en s\u00ed misma es incompleta\u201d<\/strong>. \u017di\u017eek vincula esta idea con Hegel, en la&nbsp;<strong><em>Fenomenolog\u00eda del esp\u00edritu&nbsp;<\/em><\/strong>(1807), lo real siempre escapa a una descripci\u00f3n total, siempre hay&nbsp;<strong>\u201calgo que no cuadra\u201d<\/strong>. \u017di\u017eek subraya que&nbsp;<strong>no existe un Todo completamente accesible<\/strong>:&nbsp;<strong>\u201cla realidad no es plenamente ella misma, sino que est\u00e1 des-centrada con respecto a s\u00ed misma; deviene ella misma retroactivamente, a trav\u00e9s de su registro\u201d<\/strong>. Hay una ausencia o vac\u00edo, que ninguna medici\u00f3n llena por completo.<\/p>\n\n\n\n<p>Seg\u00fan \u017di\u017eek, aceptar esta&nbsp;<strong>incompletitud radical<\/strong>&nbsp;ha sido clave desde la Ilustraci\u00f3n: repite su idea de que el fundador de la ciencia moderna (Descartes) acept\u00f3 la&nbsp;<strong>\u201ccontingencia radical del universo\u201d<\/strong>, como creencias creadas por Dios. Siguiendo al psiquiatra y psicoanalista franc\u00e9s Jacques Lacan, enfatiza que la&nbsp;<strong>identidad se sostiene en fantas\u00edas contingentes<\/strong>. As\u00ed,&nbsp;<strong>la contingencia<\/strong>, entendida como la&nbsp;<strong>posibilidad de que algo suceda o no suceda<\/strong>, deja de ser un mero accidente epistemol\u00f3gico y se vuelve una&nbsp;<strong>propiedad estructural de la realidad.<\/strong>&nbsp;\u017di\u017eek propone&nbsp;<strong>\u201cla realidad\u201d<\/strong>&nbsp;como&nbsp;<strong>multiplicidad fundada en un vac\u00edo<\/strong>. Esto lleva a pensar que&nbsp;<strong>\u201clo real\u201d<\/strong>&nbsp;es&nbsp;<em>inacabable<\/em>, lleno de sobresaltos. Un anticipo conciso de esta cr\u00edtica es la lectura que hace Hegel de la Creaci\u00f3n:&nbsp;<strong>\u201cla Ca\u00edda retroactivamente constituye aquello de lo que cay\u00f3, es decir, el Bien\u2026 El para\u00edso antes de la Ca\u00edda es el reino animal\u201d<\/strong>. En otras palabras, el pasado adquiere sentido s\u00f3lo en funci\u00f3n de un evento futuro, lo que es la idea central de la incompletitud:&nbsp;<strong>no hay presente sin un m\u00e1s-all\u00e1 por realizar.&nbsp;<\/strong>En una entrevista con&nbsp;<strong><em>IAI<\/em><\/strong>&nbsp;(2025) \u017di\u017eek coment\u00f3:<\/p>\n\n\n\n<p>Una de las ideas centrales y m\u00e1s bellas de la f\u00edsica cu\u00e1ntica, para m\u00ed, es esta:&nbsp;<strong>toda totalizaci\u00f3n, todo intento de comprender la totalidad, siempre parte de una posici\u00f3n espec\u00edfica. Se busca la imagen completa, el holograma, la visi\u00f3n omnisciente. Pero el holograma nunca es neutral.<\/strong><\/p>\n\n\n\n<p>Un holograma es una imagen tridimensional proyectada desde un plano de dos dimensiones. Seg\u00fan \u017di\u017eek lo que experimentamos como volumen, profundidad y tiempo lineal es una ilusi\u00f3n generada por un patr\u00f3n de interferencia plano.&nbsp;<strong>&#8220;Quieres la imagen completa, el holograma, la vista de Dios. Pero el holograma nunca es neutral. Siempre aparece de alg\u00fan sitio. Y nunca podemos salir de ella y tomar una vista desde la nada\u201d.&nbsp;<\/strong>Para \u017di\u017eek, el holograma representa la fantas\u00eda de la totalizaci\u00f3n:&nbsp;<strong>\u201cla ilusi\u00f3n de que existe una imagen completa, omnisciente y objetiva de la realidad (o de la historia)\u201d<\/strong>. Pero esa imagen siempre surge desde una posici\u00f3n parcial, espec\u00edfica y sesgada. No hay&nbsp;<strong>\u201cvista desde ninguna parte\u201d.<\/strong>&nbsp;<strong>A partir de la incompletitud de la realidad, \u017di\u017eek propone una reinterpretaci\u00f3n de la historia<\/strong>. En su&nbsp;<strong>\u201chistoria cu\u00e1ntica\u201d<\/strong>, el relato hist\u00f3rico no se despliega linealmente sino en&nbsp;<strong>superposici\u00f3n de posibles<\/strong>.&nbsp;<strong>\u201cLa historia est\u00e1 abierta en todas direcciones. No hay una l\u00ednea trazable que nos diga a d\u00f3nde va a ir todo ni d\u00f3nde terminar\u00e1. Hay multitud de posibilidades [\u2026] que s\u00f3lo parecer\u00e1n inevitables en retrospectiva\u201d<\/strong>. Esta visi\u00f3n se apoya en la analog\u00eda cu\u00e1ntica del&nbsp;<strong>colapso de la funci\u00f3n de onda: antes que ocurra la observaci\u00f3n, todas las historias posibles coexisten<\/strong>. Solo cuando ocurre un&nbsp;<strong>\u201cacto hist\u00f3rico\u201d<\/strong>&nbsp;(una medici\u00f3n) una de esas historias se materializa. \u017di\u017eek cita a Wheeler y a Hawking, respecto que en un universo cu\u00e1ntico incluso el pasado lejano puede&nbsp;<strong>\u201cser seleccionado\u201d<\/strong>&nbsp;por una observaci\u00f3n presente. Experimentos cu\u00e1nticos sugieren que el futuro puede&nbsp;<strong>\u201cretro-actualizar\u201d<\/strong>&nbsp;el pasado sin contradicci\u00f3n causal fundamental. En sus palabras:&nbsp;<strong>\u201cla historia de la actividad cu\u00e1ntica no est\u00e1 fijada hasta que se ha realizado una observaci\u00f3n; eventos presentes y futuros seleccionan el pasado\u201d<\/strong>.<\/p>\n\n\n\n<p><strong>Este giro implica que los sujetos no somos meros espectadores de una historia dada, sino&nbsp;<em>parte constitutiva<\/em>&nbsp;de ella.&nbsp;<\/strong>Al observar (o actuar) de cierta forma, contribuimos a definir qu\u00e9 pas\u00f3 en realidad. La figura del&nbsp;<strong>sujeto-actuante<\/strong>&nbsp;es central:&nbsp;<strong>\u201clas decisiones pol\u00edticas, cient\u00edficas o art\u00edsticas retroalimentan la trama hist\u00f3rica\u201d.<\/strong>&nbsp;\u017di\u017eek enfatiza que&nbsp;<strong>no existe una historia cerrada<\/strong>. Por ejemplo, la ca\u00edda del Muro de Berl\u00edn, la crisis clim\u00e1tica, la pandemia de COVID o la guerra entre Estados Unidos, Israel e Ir\u00e1n, no son leyes inevitables; son acontecimientos contingentes que reconfiguran el sentido del pasado reciente. En su art\u00edculo&nbsp;<strong>\u201cTrump es el rey y, a la vez, el l\u00edder de los pandilleros\u201d<\/strong>&nbsp;(2026), publicado en&nbsp;<strong><em>El Pa\u00eds<\/em><\/strong>, \u017di\u017eek sostiene que la tesis del&nbsp;<strong>\u201cfin de la historia\u201d<\/strong>&nbsp;anunciada por Francis Fukuyama en 1989, seg\u00fan la cual&nbsp;<strong>\u201cel capitalismo liberal-democr\u00e1tico constitu\u00eda el mejor orden social posible y ya no cab\u00eda progreso adicional alguno\u201d<\/strong>, apenas dur\u00f3 tres d\u00e9cadas. Hoy nos encontramos en el extremo opuesto. Escribe:<\/p>\n\n\n\n<p><strong>La cosmovisi\u00f3n predominante es un realismo despojado de todas las ilusiones e ideales. Si eres un pa\u00eds peque\u00f1o, acepta que debes vivir con miedo.&nbsp;<\/strong>Si puedes disfrutar de un poder obsceno, hazlo,&nbsp;<strong>pero ten en cuenta que<\/strong>&nbsp;<strong>los principios no importan.<\/strong><\/p>\n\n\n\n<p>Los fil\u00f3sofos&nbsp;<strong>\u201cilustrados\u201d<\/strong>&nbsp;buscaban leyes universales, pero \u017bi\u017eek sostiene que la \u00fanica manera de&nbsp;<strong>\u201csalvar\u201d<\/strong>&nbsp;el tiempo es concebir la&nbsp;<strong>historia como abierta e incompleta.<\/strong>&nbsp;Los conceptos clave de este enfoque son:<\/p>\n\n\n\n<ul>\n<li><strong><em>Superposici\u00f3n hist\u00f3rica:<\/em><\/strong>&nbsp;m\u00faltiples escenarios alternativos conviven hasta un acto decisivo.<\/li>\n\n\n\n<li><strong><em>Colapso\/Decisi\u00f3n:<\/em><\/strong>&nbsp;un acontecimiento singular (<strong>\u201cacto\u201d<\/strong>) hace&nbsp;<strong>\u201ccolapsar\u201d<\/strong>&nbsp;ciertas posibilidades, generando un nuevo pasado estable (aunque provisional).<\/li>\n\n\n\n<li><strong><em>Retroacci\u00f3n temporal:<\/em><\/strong>&nbsp;los resultados de un acontecimiento actual reconfiguran retrospectivamente el sentido y la interpretaci\u00f3n de los hechos previos (efecto del observador en la historia).<\/li>\n\n\n\n<li><strong><em>Sujeto pleno:<\/em><\/strong>&nbsp;el sujeto es parte del sistema y de la historia; su injerencia no es externa.<\/li>\n<\/ul>\n\n\n\n<p>\u017di\u017eek afirma que la&nbsp;<em>historia cu\u00e1ntica<\/em>&nbsp;<strong>no es un simple recurso ret\u00f3rico<\/strong>: es&nbsp;<strong>\u201cuna apuesta ontol\u00f3gica\u201d<\/strong>, no un autorretrato superficial de la ciencia en la filosof\u00eda. Rechaza usar la cu\u00e1ntica como una&nbsp;<strong>\u201cherramienta metaf\u00f3rica\u201d<\/strong>; \u00e9l la trata como&nbsp;<strong>\u201cun comentario fuerte\u201d<\/strong>&nbsp;sobre&nbsp;<strong>la estructura del mundo<\/strong>&nbsp;(un cambio de paradigma). Sin embargo, esta postura es controvertida. Algunos acad\u00e9micos objetan que esta extrapolaci\u00f3n vincula dominios ontol\u00f3gicos y epistemol\u00f3gicos radicalmente dispares:&nbsp;<strong>la f\u00edsica cu\u00e1ntica es verificable cuantitativamente y reproducible en experimentos, mientras que la historia es, por esencia, un relato narrativo; de ah\u00ed el riesgo de una indebida mezcla de registros.&nbsp;<\/strong>Cr\u00edticos, argumentan que esta extrapolaci\u00f3n falla en capturar lo esencial. Por ejemplo, Rafael Holmberg en&nbsp;<strong>\u201cThe Problem with \u017di\u017eek\u2019s Ontology\u201d&nbsp;<\/strong>(2025) sostiene que la realidad es&nbsp;<strong>\u201chipercompleta\u201d<\/strong>&nbsp;m\u00e1s que incompleta:&nbsp;<strong>\u201cproduce efectos incompatibles que la misma realidad no puede reducir\u201d<\/strong>. Es decir,&nbsp;<strong>la dificultad no est\u00e1 en un vac\u00edo, sino en un exceso interno<\/strong>. En este sentido, \u017di\u017eek habr\u00eda invertido la relaci\u00f3n entre suceso y trascendencia: argumentan que el mundo ya encierra su falta y superabundancia simult\u00e1neamente. Otros cuestionan la literalidad de las analog\u00edas cu\u00e1nticas:&nbsp;<strong>\u201clos fen\u00f3menos como el colapso o la superposici\u00f3n pueden reflejar procesos f\u00edsicos muy distintos a los sociales e hist\u00f3ricos\u201d.<\/strong><\/p>\n\n\n\n<p>De todas formas, el aporte de la&nbsp;<strong>\u201chistoria cu\u00e1ntica\u201d<\/strong>&nbsp;es su&nbsp;<strong>capacidad explicativa de la contingencia:<\/strong>&nbsp;<strong>\u201cpone en el centro de la teor\u00eda hist\u00f3rica el rol activo de la incertidumbre y la agencia\u201d.<\/strong>&nbsp;En situaciones de crisis este enfoque puede iluminar por qu\u00e9 no hay un&nbsp;<strong>\u201chorizonte de hecho\u201d<\/strong>&nbsp;\u00fanico. En contraste, enfoques alternativos como el materialismo hist\u00f3rico cl\u00e1sico o el positivismo tienden a subestimar esa&nbsp;<strong>radical incertidumbre<\/strong>. La metodolog\u00eda de \u017di\u017eek no sigue un esquema formal como el de las ciencias, sino que es un&nbsp;<strong>paradigma filos\u00f3fico-especulativo<\/strong>. Funciona por&nbsp;<em>analog\u00eda articulada<\/em>&nbsp;m\u00e1s que por modelos matem\u00e1ticos:&nbsp;<strong>\u201cno pretende formalizar la historia con ecuaciones matem\u00e1ticas, sino extraer una lecci\u00f3n dial\u00e9ctica de la mec\u00e1nica cu\u00e1ntica\u201d.&nbsp;<\/strong>La tesis de la&nbsp;<em>historia cu\u00e1ntica<\/em>&nbsp;adquiere relevancia pr\u00e1ctica en el an\u00e1lisis de crisis recientes, donde la&nbsp;<strong>contingencia<\/strong>&nbsp;desaf\u00eda explicaciones lineales:<\/p>\n\n\n\n<ul>\n<li><strong>Cambio clim\u00e1tico:<\/strong>&nbsp;Los cient\u00edficos advierten de&nbsp;<em>puntos de inflexi\u00f3n<\/em>&nbsp;irreversibles que pueden desencadenar saltos abruptos en el sistema clim\u00e1tico. Al igual que un&nbsp;<strong>\u201ccolapso\u201d<\/strong>&nbsp;cu\u00e1ntico, superar tales umbrales significa que&nbsp;<strong>\u201cya no se puede recomponer lo que se ha desestabilizado\u201d<\/strong>. Bajo la \u00f3ptica de \u017di\u017eek, esto resalta la&nbsp;<strong>indeterminaci\u00f3n del futuro<\/strong>&nbsp;clim\u00e1tico:&nbsp;<strong>\u201cno basta un c\u00e1lculo determinista, pues interacciones complejas (deshielo, bosques que mueren, etc.) cambian la din\u00e1mica global de forma retroactiva\u201d.<\/strong>&nbsp;El informe&nbsp;<strong>\u201cYale E360\u201d<\/strong>&nbsp;(2026) subraya que&nbsp;<strong>\u201clos sistemas planetarios estables traspasar\u00e1n puntos de inflexi\u00f3n, umbrales m\u00e1s all\u00e1 de los cuales las cosas no pueden volver a unirse\u201d.<\/strong>&nbsp;As\u00ed, los colapsos ecol\u00f3gicos funcionan como eventos singulares que reconfiguran lo posible, exigiendo un an\u00e1lisis no lineal.<\/li>\n\n\n\n<li><strong>Pandemia y crisis econ\u00f3micas:<\/strong>&nbsp;El surgimiento repentino del coronavirus es un claro&nbsp;<strong>acontecimiento contingente<\/strong>. Antes de 2020 pocos vieron venir un cambio hist\u00f3rico tan radical; hoy entendemos retrospectivamente que datos o comportamientos previos&nbsp;<strong>\u201ccolapsaron\u201d<\/strong>&nbsp;en un nuevo estado. Las decisiones tomadas antes de la pandemia (por ejemplo: financiamiento sanitario, alertas tempranas) adquieren nuevo significado al observar el resultado final. El modelo cl\u00e1sico fallido de ver pandemias como eventos predecibles queda desplazado por esta narrativa:&nbsp;<strong>\u201cse reconoce la retroactividad interpretativa\u201d<\/strong>. Los economistas mencionan la pandemia junto al 9\/11 y la burbuja financiera de 2008 como un&nbsp;<strong>\u201ccisne negro\u201d<\/strong>, t\u00e9rmino popularizado por Nassim Nicholas Taleb en su libro hom\u00f3nimo de 2007, donde analiz\u00f3 el concepto de eventos que aparentemente son imposibles de prever pero que tienen consecuencias monumentales cuando ocurren.<\/li>\n\n\n\n<li><strong>Inestabilidad geopol\u00edtica:<\/strong>&nbsp;En a\u00f1os recientes hemos visto el surgimiento de fen\u00f3menos autoritarios que \u017di\u017eek denomina&nbsp;<strong><em>\u201cfascismo blando\u201d<\/em><\/strong>, donde&nbsp;<strong>\u201ccoexisten din\u00e1micas de capitalismo de mercado con poderes estatales fuertes que movilizan una ideolog\u00eda nacionalista para mantener la cohesi\u00f3n social\u201d.<\/strong>&nbsp;Pa\u00edses como China, India, Rusia, Turqu\u00eda o bloques pos-<strong>\u201cTrump\u201d&nbsp;<\/strong>ilustran trayectorias hist\u00f3ricas divergentes no previstas por teor\u00edas lineales. En este contexto, la propuesta de \u017di\u017eek valora la&nbsp;<strong>contingencia macro<\/strong>&nbsp;y la emergencia de eventos disruptivos. Su marco permite leer que, por ejemplo, la pol\u00edtica clim\u00e1tica fracasada o las tensiones globales solo pueden explicarse admitiendo saltos imprevistos m\u00e1s que desarrollos uniformes. No es tanto que ofrezca predicciones concretas como un lente para entender la&nbsp;<em>carencia de determinaci\u00f3n<\/em>&nbsp;en el mundo.<\/li>\n\n\n\n<li><strong>Guerra en Ir\u00e1n (2026):&nbsp;<\/strong>El ataque sorpresa conjunto de Israel y Estados Unidos el 28 de febrero de 2026, que asesin\u00f3 al l\u00edder supremo Ali Khamenei y a numerosos altos cargos mientras se desarrollaban negociaciones indirectas sobre el programa nuclear, representa el ejemplo paradigm\u00e1tico seg\u00fan \u017di\u017eek de un&nbsp;<strong>\u201cacto hist\u00f3rico\u201d<\/strong>. Antes de esa fecha coexist\u00eda una superposici\u00f3n de futuros posibles: continuaci\u00f3n de la diplomacia, escalada a trav\u00e9s de Hezbol\u00e1, o statu quo de amenazas mutuas. El&nbsp;<strong>\u201ccolapso\u201d<\/strong>&nbsp;provocado por los bombardeos selectivos y la subsiguiente respuesta iran\u00ed con misiles y el cierre parcial del Estrecho de Ormuz, materializ\u00f3 una sola trayectoria: la guerra abierta.&nbsp;<strong>Mediante retroacci\u00f3n temporal, el presente redefine el pasado: las conversaciones diplom\u00e1ticas en curso ahora aparecen como mera cortina de humo, y los ataques de 2024-2025 como pasos inevitables en una narrativa que solo cobra sentido despu\u00e9s del colapso.<\/strong>&nbsp;El sujeto pleno (Trump, Netanyahu, los l\u00edderes iran\u00edes supervivientes y la poblaci\u00f3n iran\u00ed en potencia)&nbsp;<strong>no es espectador externo: sus decisiones co-constituyen la historia<\/strong>. El propio \u017di\u017eek escribi\u00f3 recientemente en su&nbsp;<em>Substack<\/em>:&nbsp;<strong>\u201cestoy en contra del r\u00e9gimen clerofascista iran\u00ed Y en contra de los ataques de Estados Unidos e Israel; si este r\u00e9gimen cae, ser\u00e1 de forma injusta. La disyuntiva entre el r\u00e9gimen iran\u00ed y los Estados Unidos de Trump es falsa; ambos pertenecen al mismo mundo globalizado\u201d.<\/strong><strong>&nbsp;<\/strong>La historia permanece abierta con superposici\u00f3n de escenarios&nbsp;<strong>que solo parecer\u00e1n inevitables en retrospectiva.<\/strong><\/li>\n<\/ul>\n\n\n\n<p>En s\u00edntesis, la&nbsp;<em>historia cu\u00e1ntica<\/em>&nbsp;act\u00faa como un&nbsp;<strong>paradigma interpretativo<\/strong>: viendo la realidad social a trav\u00e9s de an\u00e1logos cu\u00e1nticos, pone \u00e9nfasis en la suspensi\u00f3n de la causalidad simple, el papel activo del observador (los ciudadanos, cient\u00edficos, l\u00edderes) y la multiplicidad de futuros posibles. Esto contrasta con&nbsp;<strong>narrativas alternativas&nbsp;<\/strong>como el determinismo hist\u00f3rico, las teor\u00edas de equilibrio general econ\u00f3micas, o las tesis de inevitabilidad tecnol\u00f3gica, que tienden a subestimar la&nbsp;<strong>incertidumbre radical.&nbsp;<\/strong>Como hemos analizado, algunos historiadores y fil\u00f3sofos consideran que las&nbsp;<strong>\u201clecciones\u201d<\/strong>&nbsp;cu\u00e1nticas aplicadas a la sociedad pueden ser m\u00e1s ret\u00f3ricas que cient\u00edficas. A lo cual \u017di\u017eek responde que no intenta&nbsp;<strong>reducir<\/strong>&nbsp;la pol\u00edtica a la f\u00edsica, sino extraer una&nbsp;<em>met\u00e1fora transformadora<\/em>&nbsp;de nuestro entendimiento. \u017di\u017eek rompe con visiones de&nbsp;<strong>\u201cprogramaci\u00f3n del universo\u201d<\/strong>&nbsp;y postula que&nbsp;<em>no hay un reloj c\u00f3smico preajustado<\/em>:&nbsp;<strong>\u201cel futuro real es contingente en s\u00ed\u201d.<\/strong><\/p>\n\n\n\n<p>En el \u00e1mbito historiogr\u00e1fico tradicional, se critican tambi\u00e9n las implicaciones pol\u00edticas: algunos afirman que la&nbsp;<strong>\u201cincertidumbre radical\u201d<\/strong>&nbsp;puede conducir al relativismo (<strong>\u201ctodo vale\u201d&nbsp;<\/strong>en la historia) o al nihilismo. \u017di\u017eek, sin embargo, enfatiza que su postura busca revitalizar la&nbsp;<strong>acci\u00f3n emancipadora<\/strong>&nbsp;sabiendo que&nbsp;<strong>no hay destino prefijado<\/strong>. Frente al determinismo&nbsp;<strong>\u201cen retrospectiva\u201d<\/strong>&nbsp;de la historia oficial, el&nbsp;<em>marco cu\u00e1ntico<\/em>&nbsp;les da voz a aquellos potenciales que nunca fructificaron. Aun con cr\u00edticas, el argumento principal de \u017di\u017eek sostiene que&nbsp;<strong>reconocer la incompletitud de la realidad e historia invita a tomar conciencia de nuestra propia agencia y de la fragilidad de los sistemas globales,<\/strong>&nbsp;un mensaje relevante ante la multiplicidad de crisis que experimentamos.<\/p>\n\n\n\n<p>La tesis de \u017di\u017eek, ofrece un giro conceptual radical:&nbsp;<strong>\u201cdevuelve a la filosof\u00eda y a la pol\u00edtica la incertidumbre ontol\u00f3gica que la ciencia contempor\u00e1nea evidencia\u201d.<\/strong>&nbsp;En lugar de ver la indeterminaci\u00f3n como mero d\u00e9ficit de conocimiento, la convierte en su&nbsp;<strong>caracter\u00edstica estructural.<\/strong>&nbsp;Esto inaugura una visi\u00f3n donde&nbsp;<strong>el tiempo no es un reloj ordenado, sino un campo abierto de posibilidades retroalimentadas por el presente.<\/strong>&nbsp;El futuro dando forma al pasado. A nivel pr\u00e1ctico, invita a interpretar las crisis globales actuales no como meras anomal\u00edas sino como manifestaciones de la contingencia radical del sistema-mundo.<\/p>\n\n\n\n<p>La&nbsp;<strong>\u201chistoria cu\u00e1ntica\u201d<\/strong>&nbsp;sigue siendo un&nbsp;<strong>paradigma filos\u00f3fico especulativo<\/strong>. Sus met\u00e1foras pueden enriquecer nuestra forma de pensar lo hist\u00f3rico, pero tambi\u00e9n deben contrastarse con teor\u00edas alternativas, desde el materialismo hist\u00f3rico cl\u00e1sico hasta la teor\u00eda de sistemas complejos. Como reconoce \u017di\u017eek,&nbsp;<strong>cada enfoque tiene l\u00edmites epistemol\u00f3gicos, y \u00e9l mismo apela a que la filosof\u00eda del futuro incluya tanto la incertidumbre cu\u00e1ntica como la urgencia de lo pol\u00edtico.<\/strong>&nbsp;La propuesta queda abierta:&nbsp;<strong>\u201csi la realidad no es un todo, entonces la historia tampoco lo es, y nuestras interpretaciones deben reflejar esa infinitud inasible\u201d. En sus palabras:<\/strong><\/p>\n\n\n\n<p><strong>La realidad, no solo es dif\u00edcil de conocer, sino que est\u00e1 fundamentalmente resquebrajada.&nbsp;<\/strong>La incompletitud no es un fallo del conocimiento, sino una propiedad de la existencia misma.<\/p>\n","protected":false},"excerpt":{"rendered":"<p>El pensador esloveno Slavoj \u017di\u017eek, uno de los m\u00e1s influyentes, controvertidos y prol\u00edficos de los \u00faltimos tiempos, ha explorado c\u00f3mo los&nbsp;\u201cacontecimientos\u201d&nbsp;rompen la continuidad hist\u00f3rica. En su libro&nbsp;Quantum History&nbsp;(2025) argumenta que la mec\u00e1nica cu\u00e1ntica sugiere que lo real&nbsp;est\u00e1 \u201cquebrado\u201d por un vac\u00edo; la&nbsp;\u201cincompletitud no es un fracaso del conocimiento sino una propiedad de la existencia misma\u201d. \u017di\u017eek insiste en que la&nbsp;realidad [&hellip;]<\/p>\n","protected":false},"author":1,"featured_media":1535,"comment_status":"open","ping_status":"open","sticky":false,"template":"","format":"standard","meta":[],"categories":[540,158,109,48,332,551,64,52,160,153,58,477,536,537,98,31,522,523,270,525,19,455,248,84,106,304,85,76,59,541,51,396,144],"tags":[],"_links":{"self":[{"href":"https:\/\/www.imagen.cl\/blog\/index.php\/wp-json\/wp\/v2\/posts\/1533"}],"collection":[{"href":"https:\/\/www.imagen.cl\/blog\/index.php\/wp-json\/wp\/v2\/posts"}],"about":[{"href":"https:\/\/www.imagen.cl\/blog\/index.php\/wp-json\/wp\/v2\/types\/post"}],"author":[{"embeddable":true,"href":"https:\/\/www.imagen.cl\/blog\/index.php\/wp-json\/wp\/v2\/users\/1"}],"replies":[{"embeddable":true,"href":"https:\/\/www.imagen.cl\/blog\/index.php\/wp-json\/wp\/v2\/comments?post=1533"}],"version-history":[{"count":1,"href":"https:\/\/www.imagen.cl\/blog\/index.php\/wp-json\/wp\/v2\/posts\/1533\/revisions"}],"predecessor-version":[{"id":1536,"href":"https:\/\/www.imagen.cl\/blog\/index.php\/wp-json\/wp\/v2\/posts\/1533\/revisions\/1536"}],"wp:featuredmedia":[{"embeddable":true,"href":"https:\/\/www.imagen.cl\/blog\/index.php\/wp-json\/wp\/v2\/media\/1535"}],"wp:attachment":[{"href":"https:\/\/www.imagen.cl\/blog\/index.php\/wp-json\/wp\/v2\/media?parent=1533"}],"wp:term":[{"taxonomy":"category","embeddable":true,"href":"https:\/\/www.imagen.cl\/blog\/index.php\/wp-json\/wp\/v2\/categories?post=1533"},{"taxonomy":"post_tag","embeddable":true,"href":"https:\/\/www.imagen.cl\/blog\/index.php\/wp-json\/wp\/v2\/tags?post=1533"}],"curies":[{"name":"wp","href":"https:\/\/api.w.org\/{rel}","templated":true}]}}