{"id":1496,"date":"2026-01-26T12:31:59","date_gmt":"2026-01-26T15:31:59","guid":{"rendered":"https:\/\/www.imagen.cl\/blog\/?p=1496"},"modified":"2026-01-26T12:31:59","modified_gmt":"2026-01-26T15:31:59","slug":"el-poder-de-los-sin-poder","status":"publish","type":"post","link":"https:\/\/www.imagen.cl\/blog\/index.php\/2026\/01\/26\/el-poder-de-los-sin-poder\/","title":{"rendered":"El poder de los sin poder"},"content":{"rendered":"\n<p>V\u00e1clav Havel (1936-2011) fue un&nbsp;<strong>dramaturgo, ensayista y l\u00edder de la oposici\u00f3n al r\u00e9gimen comunista en Checoslovaquia.<\/strong>&nbsp;En 1989 tras la ca\u00edda del muro de Berl\u00edn y el fin del dominio sovi\u00e9tico en Europa del Este,&nbsp;<strong>fue elegido presidente de la Rep\u00fablica de Checoslovaquia y luego de la Rep\u00fablica Checa<\/strong>. Hay pocos ejemplos en la historia de escritores que hayan alcanzado, sin haberlo pretendido, las cimas del poder pol\u00edtico. El desaf\u00edo intelectual de Havel era conceptualizar&nbsp;<strong>\u201cla mejor manera de resistir a un sistema totalitario\u201d.&nbsp;<\/strong>Esto se convirti\u00f3 en el eje central de su ensayo&nbsp;<strong><em>El poder de los sin poder<\/em><\/strong>&nbsp;(1978), en que acu\u00f1\u00f3 el t\u00e9rmino&nbsp;<strong>&#8220;post-totalitarismo&#8221;<\/strong>&nbsp;para diferenciar estos reg\u00edmenes de los totalitarismos cl\u00e1sicos de Stalin o Hitler. Para Havel, los sistemas post-totalitarios se basan en una&nbsp;<strong>ideolog\u00eda ritualizada que permea la vida cotidiana,<\/strong>&nbsp;<strong>fomentando una conformidad pasiva impulsada por el miedo y la ansiedad existencial.<\/strong>&nbsp;Este miedo no es solo al castigo f\u00edsico, sino a la&nbsp;<strong>exclusi\u00f3n social, la p\u00e9rdida de seguridad material y la erosi\u00f3n de la dignidad humana.<\/strong>&nbsp;Havel argumentaba que los sistemas post-totalitarios generan una&nbsp;<strong>&#8220;automatizaci\u00f3n&#8221;<\/strong>&nbsp;de la vida, donde los individuos&nbsp;<strong>&#8220;viven en la mentira&#8221;<\/strong>&nbsp;para evitar el conflicto. Esta desconexi\u00f3n produce ansiedad porque el individuo pierde su valor como persona, convirti\u00e9ndose en un engranaje m\u00e1s de un sistema ideol\u00f3gico vac\u00edo. John Keane en la biograf\u00eda&nbsp;<strong><em>V\u00e1clav Havel&nbsp;<\/em><\/strong>(1999), profundiz\u00f3 en la definici\u00f3n del&nbsp;<strong>mundo post-totalitario<\/strong>:<\/p>\n\n\n\n<p><strong>Dentro del sistema, cada individuo est\u00e1 atrapado en una densa red de los aparatos estatales de gobierno<\/strong>\u2026 los cuales a su vez est\u00e1n&nbsp;<strong>legitimados por una ideolog\u00eda flexible pero integral<\/strong>, una&nbsp;<strong>&#8216;religi\u00f3n secularizada&#8217;<\/strong>\u2026&nbsp;<strong>las relaciones de poder\u2026 se describen mejor como un laberinto de influencia, represi\u00f3n, miedo y autocensura que engulle a todos los que se encuentran en su interior.<\/strong><\/p>\n\n\n\n<p>En su ensayo&nbsp;<strong><em>Stories and Totalitarianism<\/em><\/strong>&nbsp;(1990), Havel describi\u00f3 c\u00f3mo los sistemas totalitarios invisibilizan las&nbsp;<strong>&#8220;historias&#8221;<\/strong>&nbsp;individuales, uniform\u00e1ndolas, lo que provoca una&nbsp;<strong>&#8220;nihilizaci\u00f3n social e hist\u00f3rica&#8221;<\/strong>. Esto genera una&nbsp;<strong>ansiedad cr\u00f3nica<\/strong>, que describe como un&nbsp;<strong>&#8220;asma&#8221;<\/strong>&nbsp;social.&nbsp;<strong>&#8220;En el fondo de todo esto hay un estr\u00e9s vago: la gente est\u00e1 nerviosa, ansiosa, irritada o ap\u00e1tica. Parecen esperar ser golpeados por un lado inesperado&#8221;.&nbsp;<\/strong>Havel enfatizaba que&nbsp;<strong>el miedo y la ansiedad desincentivan el compromiso social<\/strong>.&nbsp;<strong>Incluso los poderosos temen el colapso del sistema.&nbsp;<\/strong>Asociaba el miedo y la ansiedad no solo al sistema pol\u00edtico, sino a una&nbsp;<strong>crisis existencial<\/strong>&nbsp;m\u00e1s amplia.&nbsp;<strong>Esta crisis implicaba la alienaci\u00f3n del individuo con su valor fundamental como ser humano y su arraigo en el mundo.<\/strong>&nbsp;En el reciente&nbsp;<strong>Foro Econ\u00f3mico Mundial<\/strong>&nbsp;(WEF) en Davos, el primer ministro de Canad\u00e1, Mark Carney, centr\u00f3 su discurso en la coyuntura geopol\u00edtica actual, marcada por la expansi\u00f3n territorial estadounidense, sus guerras comerciales y repercusiones globales. Carney empez\u00f3 su discurso con una referencia directa a Havel afirmando que frente al abuso de los fuertes<strong>&nbsp;\u201cEl poder de los menos poderosos comienza con la honestidad\u201d.<\/strong>&nbsp;<strong>\u201cNo se puede \u2018vivir dentro de la mentira\u2019 del beneficio mutuo mediante la integraci\u00f3n cuando la integraci\u00f3n se convierte en la fuente de tu subordinaci\u00f3n\u201d<\/strong>. Andrea Rizzi, en un art\u00edculo publicado en&nbsp;<strong>El Pa\u00eds&nbsp;<\/strong>(2026) afirma que el discurso de Carney&nbsp;<strong>\u201cse parece mucho a la br\u00fajula moral y geopol\u00edtica m\u00e1s cristalina disponible para afrontar esta embestida imperialista\u201d<\/strong>. Carney se\u00f1al\u00f3&nbsp;<strong>\u201cPerm\u00edtanme ser directo: nos encontramos en medio de una ruptura, no de una transici\u00f3n\u201d<\/strong>.&nbsp;<strong>&#8220;Comienza una realidad brutal dominada por la geopol\u00edtica entre grandes potencias que no est\u00e1 sujeta a ning\u00fan l\u00edmite&#8221;<\/strong>. Carney siguiendo a Havel plante\u00f3&nbsp;<strong>\u201c\u00bfQu\u00e9 significar\u00eda para las potencias medianas \u2018vivir en la verdad\u2019?:<\/strong><\/p>\n\n\n\n<p><strong>Significa nombrar la realidad.<\/strong>&nbsp;Dejar de invocar el&nbsp;<strong>\u201corden internacional basado en normas\u201d<\/strong>&nbsp;como si a\u00fan funcionara.&nbsp;<strong>Llamar al sistema por lo que es:<\/strong>&nbsp;un per\u00edodo de intensificaci\u00f3n de la rivalidad entre grandes potencias,&nbsp;<strong>donde los m\u00e1s poderosos persiguen sus intereses usando la integraci\u00f3n econ\u00f3mica como arma de coerci\u00f3n.<\/strong><\/p>\n\n\n\n<p>Carney anim\u00f3 a los&nbsp;<strong>\u201cpa\u00edses medianos\u201d<\/strong>, que est\u00e1n en riesgo de ser subyugados por las grandes potencias, como Estados Unidos o China, a forjar alianzas.&nbsp;<strong>\u201cLas potencias medianas deben actuar juntas porque, si no est\u00e1s en la mesa, est\u00e1s en el men\u00fa\u201d<\/strong>. El discurso de Carney recibi\u00f3 una ovaci\u00f3n de pie y provoc\u00f3 reacciones. El historiador econ\u00f3mico Adam Tooze se\u00f1al\u00f3&nbsp;<strong>\u201cEl discurso de Mark Carney en Davos fue de lejos la reacci\u00f3n m\u00e1s contundente que hemos visto hasta ahora de cualquier jefe de gobierno a la crisis desatada en las relaciones internacionales de Occidente por la agresi\u00f3n de la presidencia de Trump\u201d.&nbsp;<\/strong>Paul Krugman, premio Nobel de Econom\u00eda, escribi\u00f3 en su blog que el discurso de Carney&nbsp;<strong>\u201cfue valiente\u201d<\/strong>. Y a\u00f1adi\u00f3:&nbsp;<strong>\u201cCanad\u00e1 se encuentra justo al lado de Estados Unidos, cuya econom\u00eda es 12 veces mayor. La naturaleza quiere que Canad\u00e1 y Estados Unidos est\u00e9n estrechamente entrelazados. Y por esta raz\u00f3n, Canad\u00e1 est\u00e1 posiblemente m\u00e1s expuesta a las consecuencias de la ira trumpiana que cualquier otra naci\u00f3n\u201d.<\/strong>&nbsp;De hecho, al d\u00eda siguiente del discurso de Carney, Trump declar\u00f3 que Canad\u00e1&nbsp;<strong>\u201cvive gracias a Estados Unidos\u201d<\/strong>. Y luego,&nbsp;<strong>amenaz\u00f3 a Canad\u00e1 con subir los aranceles en un 100%, si firma un acuerdo comercial con China.<\/strong>&nbsp;La Reuni\u00f3n Anual en Davos es el escenario principal donde se lanza el&nbsp;<strong>Informe de Riesgos Globales<\/strong>. El informe de 2026, publicado el 14 de enero, destaca una&nbsp;<strong>&#8220;era de competencia&#8221;<\/strong>&nbsp;marcada por la&nbsp;<strong>fragmentaci\u00f3n geopol\u00edtica, la incertidumbre y un alejamiento de la cooperaci\u00f3n multilateral<\/strong>, con el 57% de los expertos prediciendo tiempos&nbsp;<strong>&#8220;turbulentos o tormentosos&#8221;<\/strong>. Vivimos en una atm\u00f3sfera de&nbsp;<strong>ansiedad colectiva<\/strong>&nbsp;sin precedentes. Como se\u00f1al\u00f3 Alfred Hitchcock,&nbsp;<strong>\u201cno hay terror en el estallido, solo en la anticipaci\u00f3n de este\u201d<\/strong>. Estamos en un estado de&nbsp;<strong>alerta permanente<\/strong>&nbsp;ante potenciales&nbsp;<strong>\u201cdesastres\u201d<\/strong>&nbsp;globales, ya sean una recesi\u00f3n econ\u00f3mica, un colapso ambiental, un conflicto mayor o un avance tecnol\u00f3gico disruptivo, y&nbsp;<strong>esa incertidumbre prolongada pasa factura a nuestra salud mental.<\/strong><\/p>\n\n\n\n<p><strong>Los riesgos globales actuales est\u00e1n interconectados.<\/strong>&nbsp;Esta interconexi\u00f3n muestra c\u00f3mo en sistemas&nbsp;<strong>post-totalitarios<\/strong>&nbsp;la ansiedad emerge de la incertidumbre existencial de un mundo deshumanizado. El&nbsp;<strong>estr\u00e9s cr\u00f3nico<\/strong>&nbsp;de&nbsp;<strong>\u201cllegar a fin de mes\u201d<\/strong>&nbsp;o temer perder el empleo por la IA o los&nbsp;<strong>\u201crobot\u201d<\/strong>&nbsp;<em>reconfigura nuestro cerebro<\/em>, aumentando la vulnerabilidad a la ansiedad y la depresi\u00f3n. Nos encontramos, en la&nbsp;<strong>\u201cera de la ansiedad\u201d&nbsp;<\/strong>una \u00e9poca en que las amenazas existenciales (reales o percibidas) disparan en muchos la sensaci\u00f3n de que&nbsp;<strong>el mundo est\u00e1 fuera de control.<\/strong>&nbsp;Llegados a este punto, conviene preguntarse:&nbsp;<strong>\u00bfes la ansiedad un mal moderno que debemos erradicar, o un componente intr\u00ednseco de la naturaleza humana que debemos&nbsp;<em>reencauzar<\/em>?<\/strong>&nbsp;Samir Chopra profesor em\u00e9rito de Filosof\u00eda en el Brooklyn College, en su libro&nbsp;<strong><em>Anxiety: A Philosophical Guide<\/em><\/strong>&nbsp;(2024) afirma que&nbsp;<strong>\u201cla ansiedad es una condici\u00f3n fundamental de la existencia humana que siempre ha estado presente. Cada generaci\u00f3n la experimenta de forma \u00fanica, moldeada por sus circunstancias culturales, sociales y tecnol\u00f3gicas\u201d.<\/strong>&nbsp;Seg\u00fan Chopra,&nbsp;<strong>&#8220;ser es estar ansioso&#8221;<\/strong>, ya que surge de nuestra confrontaci\u00f3n con la finitud, la libertad y las condiciones materiales de la vida. Vivir conlleva enfrentar incertidumbres y riesgos, y la respuesta ansiosa es una se\u00f1al de nuestro organismo y mente ante lo desconocido. La ansiedad nos impulsa a mantenernos en una&nbsp;<strong>\u201chipervigilancia constante\u201d,&nbsp;<\/strong>desarrollando una sensibilidad extrema a los conflictos y anticip\u00e1ndonos a los riesgos, adem\u00e1s nos insta a&nbsp;<strong>\u201caferrarnos a estructuras\u201d<\/strong>, refugi\u00e1ndonos en sistemas y figuras de autoridad que ofrecen&nbsp;<strong>\u201creglas claras\u201d<\/strong>, y por \u00faltimo creemos que nuestro mejor mecanismo de protecci\u00f3n es&nbsp;<strong>\u201cfortalecernos en el rendimiento\u201d<\/strong>. Sin embargo, pretender nunca sentir ansiedad ser\u00eda tan irreal como vivir sin dolor f\u00edsico alguno: ambas son alarmas que, en su justa medida, cumplen una funci\u00f3n adaptativa. Por supuesto, la ansiedad&nbsp;<strong>patol\u00f3gica<\/strong>&nbsp;existe, causa gran sufrimiento y requiere tratamiento. Pero Chopra sugiere que, a nivel existencial, cierta dosis de ansiedad es&nbsp;<em>normal<\/em>&nbsp;y&nbsp;<em>necesaria<\/em>&nbsp;para llevar una&nbsp;<strong>vida significativa<\/strong>. Escribe:<\/p>\n\n\n\n<p><strong>Al reconocer y aceptar como inevitable la ansiedad y vivir con ella, nos acercamos un poco a la comprensi\u00f3n de qui\u00e9nes y qu\u00e9 somos.<\/strong>&nbsp;Si estamos dispuestos a sentarnos con nuestra ansiedad,&nbsp;<strong>podemos descubrir que esta refleja las decisiones m\u00e1s importantes de nuestra vida, nuestros compromisos y valores m\u00e1s personales y profundos.<\/strong><\/p>\n\n\n\n<p>En este sentido, el momento hist\u00f3rico actual, lleno de desaf\u00edos angustiosos, podr\u00eda catalizar tambi\u00e9n una&nbsp;<strong>toma de conciencia individual y colectiva<\/strong>. No cabe duda de que mejorar las circunstancias externas, m\u00e1s justicia social, paz y sustentabilidad,&nbsp;<strong>reducir\u00eda<\/strong>&nbsp;la ansiedad general. Pero incluso en un mundo ideal, nuestra incertidumbre jam\u00e1s desaparecer\u00e1 del todo.&nbsp;<strong>\u201cVivir es inseguro por definici\u00f3n\u201d<\/strong>, y reconocer nuestra fragilidad intr\u00ednseca, es parte del crecimiento. Sin embargo, como enfatiz\u00f3 Havel en&nbsp;<strong><em>Disturbing the Peace<\/em><\/strong>&nbsp;(1986), impulsar una reconstrucci\u00f3n moral y pol\u00edtica exitosa de la sociedad, requiere previamente de una&nbsp;<strong>\u201crevoluci\u00f3n existencial individual\u201d<\/strong>, entendida como un&nbsp;<strong>&#8220;retorno a la humanidad inherente&#8221;<\/strong>. Esta precedencia es clave, ya que, sin restaurar nuestra dignidad como seres humanos, los cambios sist\u00e9micos son superficiales y pueden reproducir el miedo en nuevas formas. Mirado as\u00ed, quiz\u00e1&nbsp;<strong>la ansiedad contiene una semilla de esperanza, ya que implica que a\u00fan tenemos opciones y que nos importa el porvenir.<\/strong>&nbsp;Havel escribi\u00f3:<\/p>\n\n\n\n<p><strong>Estamos misteriosamente conectados con todo el universo, estamos reflejados en \u00e9l, igual que toda la evoluci\u00f3n del universo se refleja en nosotros.<\/strong><\/p>\n\n\n\n<p>Darnos cuenta de que ni la riqueza ni los f\u00e1rmacos eliminar\u00e1n por completo nuestra ansiedad natural, nos insta a afrontarla y&nbsp;<em>aprender a convivir con ella<\/em>. Y convivir con la ansiedad no significa rendirse a vivir angustiados, sino desarrollar nuevas habilidades emocionales y sociales para&nbsp;<strong>gestionarla conscientemente<\/strong>, de modo que no nos desborde. Las estrategias existen a nivel&nbsp;<strong>individual<\/strong>&nbsp;y&nbsp;<strong>colectivo<\/strong>, y combinarlas puede marcar la diferencia entre una ansiedad paralizante y una ansiedad canalizada en acciones positivas:<\/p>\n\n\n\n<ul>\n<li><strong>Cuidar lo b\u00e1sico y establecer rutinas:<\/strong>&nbsp;En \u00e9pocas turbulentas, mantener h\u00e1bitos diarios, horarios regulares de sue\u00f1o, alimentaci\u00f3n saludable y algo de ejercicio,&nbsp;<strong>aporta una&nbsp;<em>sensaci\u00f3n de estabilidad<\/em>&nbsp;dentro del caos.<\/strong>&nbsp;Una rutina cotidiana funciona como un ancla que nos recuerda que no&nbsp;<em>todo<\/em>&nbsp;est\u00e1 fuera de control. Tambi\u00e9n es importante&nbsp;<strong>limitar la&nbsp;<em>sobrecarga de informaci\u00f3n y fuentes alarmistas<\/em>&nbsp;para reducir la ansiedad anticipatoria.<\/strong><\/li>\n\n\n\n<li><strong>Apoyarse en los dem\u00e1s:<\/strong>&nbsp;La ansiedad tiende a aislarnos en espirales de pensamiento catastr\u00f3fico. Romper ese aislamiento es fundamental.&nbsp;<strong>Compartir preocupaciones con amigos, familiares o grupos de apoyo nos alivia<\/strong>&nbsp;al sentirnos&nbsp;<em>comprendidos<\/em>&nbsp;y a menudo relativiza nuestros temores al contrastarlos con otras perspectivas.&nbsp;<strong>Saber que no enfrentamos solos la incertidumbre<\/strong>, sino como comunidad, proporciona resiliencia.<\/li>\n\n\n\n<li><strong>Enfocarnos en lo controlable y tomar acci\u00f3n:<\/strong>&nbsp;Una causa central de ansiedad es la&nbsp;<em>sensaci\u00f3n de falta de control<\/em>. Por ello, un consejo recurrente es&nbsp;<strong>identificar qu\u00e9 s\u00ed est\u00e1 bajo nuestro control y qu\u00e9 no<\/strong>, para enfocar nuestras energ\u00edas adecuadamente. Por ejemplo, no podemos individualmente detener una guerra lejana, pero quiz\u00e1 s\u00ed&nbsp;<em>participar en iniciativas locales<\/em>&nbsp;de ayuda humanitaria o educaci\u00f3n.&nbsp;<strong>La acci\u00f3n conectada a nuestros valores act\u00faa como ant\u00eddoto del miedo, d\u00e1ndonos prop\u00f3sito.<\/strong><\/li>\n\n\n\n<li><strong>Exigir cambios sist\u00e9micos:<\/strong>&nbsp;Estrategias colectivas implican tambi\u00e9n abogar por&nbsp;<strong>pol\u00edticas que reduzcan la incertidumbre estructural<\/strong>. Esto puede ir desde fortalecer redes de protecci\u00f3n social, para que una recesi\u00f3n no signifique la ruina total para las familias, hasta impulsar la cooperaci\u00f3n internacional en la resoluci\u00f3n de conflictos y la regulaci\u00f3n de tecnolog\u00edas disruptivas. Como se\u00f1ala Carney, se trata de que las potencias medianas colaboren para&nbsp;<strong>&#8220;invertir en resiliencia colectiva&#8221;<\/strong>, en lugar de refugiarse tras barreras nacionales.<\/li>\n\n\n\n<li>Finalmente, es \u00fatil recordar que la&nbsp;<strong>ansiedad, bien gestionada, cumple una funci\u00f3n<\/strong>: nos mantiene alerta ante riesgos y nos motiva a prepararnos. Un nivel moderado de ansiedad moviliza nuestros recursos cognitivos, para&nbsp;<strong>aumentar opciones y construir resiliencia<\/strong>. Tal como hoy las&nbsp;<strong>\u201cnaciones medianas\u201d<\/strong>&nbsp;deben diversificar sus estrategias para sobrevivir en un mundo incierto. En el plano personal, esto significa planificar con prudencia, sin caer en el p\u00e1nico. Si bien vivimos tiempos peculiares, no estamos completamente a la deriva.&nbsp;<strong>Podemos apoyarnos en la experiencia pasada de la humanidad, en la ciencia, la raz\u00f3n, y en nuestros valores compartidos para navegar la tormenta.<\/strong><\/li>\n<\/ul>\n\n\n\n<p>En conclusi\u00f3n, el convulso contexto actual ciertamente&nbsp;<strong>exacerba la ansiedad natural humana<\/strong>, pero tambi\u00e9n nos permite dar un salto de conciencia.&nbsp;<strong>Parad\u00f3jicamente, nos brinda la oportunidad de reconocer nuestra ansiedad, entender sus mecanismos y aprender a gestionarla de forma consciente<\/strong>, transformando parte del temor en resiliencia y conocimiento.&nbsp;<strong>\u00bfQu\u00e9 nos est\u00e1 pidiendo cambiar o proteger? \u00bfQu\u00e9 nos revela sobre lo que m\u00e1s valoramos como individuos y como sociedad?&nbsp;<\/strong>Si logramos responder a estas preguntas, habremos convertido nuestra ansiedad de una enemiga en una aliada inc\u00f3moda pero \u00fatil. Quiz\u00e1s entonces dejemos de estar&nbsp;<strong><em>tan ansiosos por sentir ansiedad<\/em><\/strong>, y podamos enfocarnos en&nbsp;<strong>construir, con esa energ\u00eda, un futuro m\u00e1s habitable<\/strong>&nbsp;a pesar de los pesares. En \u00faltima instancia, la incertidumbre no desaparecer\u00e1, pero&nbsp;<em>nuestra manera de encararla<\/em>&nbsp;puede marcar la diferencia entre un miedo paralizante y una&nbsp;<strong>vida consciente y comprometida.<\/strong>&nbsp;<strong>&#8220;Vivir en la verdad&#8221;<\/strong>&nbsp;como resistencia. En palabras de Havel:<\/p>\n\n\n\n<p><strong>La salvaci\u00f3n de este mundo reside \u00fanicamente en el coraz\u00f3n humano,&nbsp;<\/strong>en la capacidad humana de reflexionar, en la mansedumbre y la responsabilidad humanas.&nbsp;<strong>La tragedia del hombre moderno no es que conozca cada vez menos el significado de su propia vida, sino que esta le incomoda cada vez menos.<\/strong><\/p>\n","protected":false},"excerpt":{"rendered":"<p>V\u00e1clav Havel (1936-2011) fue un&nbsp;dramaturgo, ensayista y l\u00edder de la oposici\u00f3n al r\u00e9gimen comunista en Checoslovaquia.&nbsp;En 1989 tras la ca\u00edda del muro de Berl\u00edn y el fin del dominio sovi\u00e9tico en Europa del Este,&nbsp;fue elegido presidente de la Rep\u00fablica de Checoslovaquia y luego de la Rep\u00fablica Checa. Hay pocos ejemplos en la historia de escritores que hayan alcanzado, sin haberlo [&hellip;]<\/p>\n","protected":false},"author":1,"featured_media":1497,"comment_status":"open","ping_status":"open","sticky":false,"template":"","format":"standard","meta":[],"categories":[540,158,109,28,332,64,52,160,153,58,536,537,31,522,523,270,525,19,455,248,84,304,85,76,59,541,51,396,144],"tags":[],"_links":{"self":[{"href":"https:\/\/www.imagen.cl\/blog\/index.php\/wp-json\/wp\/v2\/posts\/1496"}],"collection":[{"href":"https:\/\/www.imagen.cl\/blog\/index.php\/wp-json\/wp\/v2\/posts"}],"about":[{"href":"https:\/\/www.imagen.cl\/blog\/index.php\/wp-json\/wp\/v2\/types\/post"}],"author":[{"embeddable":true,"href":"https:\/\/www.imagen.cl\/blog\/index.php\/wp-json\/wp\/v2\/users\/1"}],"replies":[{"embeddable":true,"href":"https:\/\/www.imagen.cl\/blog\/index.php\/wp-json\/wp\/v2\/comments?post=1496"}],"version-history":[{"count":1,"href":"https:\/\/www.imagen.cl\/blog\/index.php\/wp-json\/wp\/v2\/posts\/1496\/revisions"}],"predecessor-version":[{"id":1498,"href":"https:\/\/www.imagen.cl\/blog\/index.php\/wp-json\/wp\/v2\/posts\/1496\/revisions\/1498"}],"wp:featuredmedia":[{"embeddable":true,"href":"https:\/\/www.imagen.cl\/blog\/index.php\/wp-json\/wp\/v2\/media\/1497"}],"wp:attachment":[{"href":"https:\/\/www.imagen.cl\/blog\/index.php\/wp-json\/wp\/v2\/media?parent=1496"}],"wp:term":[{"taxonomy":"category","embeddable":true,"href":"https:\/\/www.imagen.cl\/blog\/index.php\/wp-json\/wp\/v2\/categories?post=1496"},{"taxonomy":"post_tag","embeddable":true,"href":"https:\/\/www.imagen.cl\/blog\/index.php\/wp-json\/wp\/v2\/tags?post=1496"}],"curies":[{"name":"wp","href":"https:\/\/api.w.org\/{rel}","templated":true}]}}