{"id":1286,"date":"2025-03-17T10:50:19","date_gmt":"2025-03-17T13:50:19","guid":{"rendered":"https:\/\/www.imagen.cl\/blog\/?p=1286"},"modified":"2025-03-19T15:40:20","modified_gmt":"2025-03-19T18:40:20","slug":"fe-y-duda","status":"publish","type":"post","link":"https:\/\/www.imagen.cl\/blog\/index.php\/2025\/03\/17\/fe-y-duda\/","title":{"rendered":"Fe y duda"},"content":{"rendered":"\n<p><strong>Cuando un papa fallece, se inicia un proceso meticulosamente estructurado para elegir a su sucesor<\/strong>, conocido como c\u00f3nclave\u2014t\u00e9rmino que proviene del lat\u00edn&nbsp;<strong>&#8216;cum clave&#8217;<\/strong>, que significa&nbsp;<strong>&#8216;bajo llave&#8217;<\/strong>\u2014. Este ritual, regulado por la constituci\u00f3n apost\u00f3lica promulgada en 1996 por el papa Juan Pablo II, re\u00fane a los cardenales menores de 80 a\u00f1os en la Capilla Sixtina del Vaticano. El proceso de elecci\u00f3n es riguroso y sigue una serie de normas y tradiciones que abarcan desde el lugar de reuni\u00f3n hasta las votaciones y deliberaciones.&nbsp;<strong>El c\u00f3nclave no es solo un procedimiento administrativo; es una manifestaci\u00f3n de fe profunda.<\/strong>&nbsp;Los cardenales conf\u00edan en que el Esp\u00edritu Santo guiar\u00e1 sus decisiones para elegir al l\u00edder espiritual de m\u00e1s de mil millones de cat\u00f3licos en todo el mundo. Sin embargo, este proceso tambi\u00e9n refleja tensiones humanas: ambiciones personales, alianzas pol\u00edticas y debates sobre el futuro de la Iglesia.<\/p>\n\n\n\n<p>La pel\u00edcula&nbsp;<strong><em>C\u00f3nclave<\/em><\/strong>, dirigida por Edward Berger y basada en la novela hom\u00f3nima de Robert Harris, se centra en la inesperada muerte del papa y explora las complejidades del ritual milenario para elegir al sucesor. Ralph Fiennes interpreta al cardenal Thomas Lawrence, decano del Colegio de Cardenales, quien asume la tarea de dirigir el c\u00f3nclave en medio de una&nbsp;<strong>profunda crisis de fe personal<\/strong>. Lawrence, debe liderar un grupo de cardenales divididos entre posturas tradicionalistas y progresistas, que representan corrientes existentes en la Iglesia. Con la reuni\u00f3n de los cardenales en la Capilla Sixtina, se desata una intensa batalla de voluntades, influencias y secretos. A medida que avanza la trama, se revelan alianzas ocultas, traiciones y motivos personales de cada candidato, creando un ambiente de suspenso y tensi\u00f3n constante.&nbsp;<strong>En el serm\u00f3n de apertura, el cardenal Lawrence reflexiona sobre la naturaleza de la fe y la duda<\/strong>, destacando la humanidad inherente en la figura del papa:<\/p>\n\n\n\n<p><strong>&#8220;Nuestra fe es algo vivo precisamente porque va de la mano con la duda. Si solo hubiera certeza y no duda, no habr\u00eda misterio. Y, por lo tanto, no habr\u00eda necesidad de fe.<\/strong>&nbsp;Oremos para que Dios nos conceda un Papa que dude. Y que nos conceda un Papa que&nbsp;<strong>peque, pida perd\u00f3n y persevere\u201d.<\/strong><\/p>\n\n\n\n<p>El director Edward Berger describe que&nbsp;<strong><em>C\u00f3nclave<\/em><\/strong>&nbsp;entrelaza dos narrativas principales: el proceso de elecci\u00f3n de un nuevo papa y la crisis de fe personal del cardenal Lawrence. En la entrevista&nbsp;<strong><em>We create gods because the world is chaos<\/em><\/strong>&nbsp;realizada por Catherine Shoard para&nbsp;<strong>The Guardian<\/strong>, los actores Ralph Fiennes, John Lithgow y Stanley Tucci reflexionaron sobre&nbsp;<strong>la atracci\u00f3n humana hacia la fe<\/strong>. Fiennes coment\u00f3:<\/p>\n\n\n\n<p><strong>&#8220;Se trata de buscar respuestas. La vida es ca\u00f3tica, impredecible. Los seres humanos buscan una coherencia interna, y la fe a menudo ofrece gu\u00edas \u00fatiles o normas morales.<\/strong>&nbsp;Aunque la Iglesia cat\u00f3lica ha cometido errores y tiene rincones oscuros, todas las estructuras de poder tienden a ello.&nbsp;<strong>La fe une a las personas y proporciona a las comunidades un sentido de coherencia.&#8221;<\/strong><\/p>\n\n\n\n<p>La narrativa de&nbsp;<strong><em>C\u00f3nclave<\/em><\/strong>&nbsp;cautiva con su representaci\u00f3n del proceso de elecci\u00f3n papal, pero tambi\u00e9n aborda indagaciones culturales y filos\u00f3ficas m\u00e1s amplias sobre la naturaleza de la fe y la duda.&nbsp;<strong>As\u00ed como los cardenales en la pel\u00edcula enfrentan sus propias incertidumbres y buscan guiar a la Iglesia a trav\u00e9s de tiempos turbulentos<\/strong>, la sociedad en su conjunto tambi\u00e9n busca significado y direcci\u00f3n en una era marcada por cambios r\u00e1pidos y secularizaci\u00f3n. Este paralelismo nos invita a&nbsp;<strong>explorar c\u00f3mo la religi\u00f3n ha moldeado hist\u00f3ricamente nuestro paisaje moral y qu\u00e9 podr\u00eda deparar el futuro a medida que las creencias tradicionales son cuestionadas y reevaluadas.<\/strong><\/p>\n\n\n\n<p><strong>La religi\u00f3n no es simplemente una adici\u00f3n opcional al repertorio cultural, como muchos ateos podr\u00edan suponer.<\/strong>&nbsp;La historia de la religiosidad humana es, en esencia, un esfuerzo constante por encontrar sentido a nuestra existencia. El antrop\u00f3logo social Harvey Whitehouse, en su libro&nbsp;<strong><em>Inheritance: The Evolutionary Origins of the Modern World<\/em><\/strong>, argumenta que la religi\u00f3n es un subproducto inevitable de la evoluci\u00f3n de nuestros cerebros. A lo largo de los milenios,&nbsp;<strong>ha desempe\u00f1ado un papel crucial al permitir nuevas formas de liderazgo y facilitar la articulaci\u00f3n de sistemas sociales cada vez m\u00e1s complejos.&nbsp;<\/strong>Este proceso ha llevado a la humanidad a transitar por diversas etapas: desde el culto a los antepasados y sistemas de autoridad heredada, pasando por la realeza divina, hasta el desarrollo de las grandes religiones moralizantes que predominan en gran parte del mundo actual.<\/p>\n\n\n\n<p>Aunque en sociedades cada vez m\u00e1s secularizadas la influencia de las religiones que han moldeado nuestra cultura puede pasar desapercibida, sus principios fundamentales siguen impregnando nuestras normas \u00e9ticas y morales. El historiador brit\u00e1nico Tom Holland, en su obra&nbsp;<strong><em>Dominio: Una nueva historia del cristianismo<\/em><\/strong>, analiza c\u00f3mo el cristianismo ha moldeado profundamente la civilizaci\u00f3n occidental. Holland sostiene que&nbsp;<strong>muchos de los valores y conceptos que hoy consideramos universales\u2014como los derechos humanos, la igualdad y la compasi\u00f3n por los desfavorecidos\u2014tienen sus ra\u00edces en la tradici\u00f3n cristiana.<\/strong>&nbsp;Por ejemplo, la idea de que es m\u00e1s noble sufrir que infligir sufrimiento, o la preocupaci\u00f3n por los marginados y oprimidos, son actitudes que, seg\u00fan Holland, derivan directamente de la revoluci\u00f3n moral que supuso el cristianismo. En sus palabras:<\/p>\n\n\n\n<p><strong>\u201cVivir en un pa\u00eds occidental es vivir en una sociedad completamente saturada de suposiciones y conceptos cristianos.&nbsp;<\/strong>Esto es igual de cierto para los jud\u00edos o los musulmanes que para los cat\u00f3licos o los protestantes. Dos mil a\u00f1os despu\u00e9s del nacimiento de Cristo, no hace falta creer que resucit\u00f3 de entre los muertos para asombrarse ante la formidable \u2014de hecho, la ineludible\u2014 influencia del cristianismo\u201d.<\/p>\n\n\n\n<p>Holland afirma que&nbsp;<strong>movimientos contempor\u00e1neos, como el feminismo, el socialismo y la defensa de los derechos humanos, aunque a menudo se perciben como laicos o incluso antirreligiosos, est\u00e1n profundamente influenciados por la \u00e9tica cristiana.<\/strong>&nbsp;En esencia, propone que gran parte de la moralidad y los valores occidentales actuales son inconcebibles sin la herencia cristiana que los sustenta. Escribe:<\/p>\n\n\n\n<p><strong>\u201cNietzsche<\/strong>&nbsp;no era el primero cuyo nombre se convert\u00eda en sin\u00f3nimo de ate\u00edsmo, pero nadie \u2013ni Spinoza ni Darwin ni Marx-&nbsp;<strong>se hab\u00eda atrevido a contemplar de un modo tan directo e implacable lo que el asesinato de su dios pod\u00eda implicar para una civilizaci\u00f3n\u201d.<\/strong><\/p>\n\n\n\n<p>Friedrich Nietzsche, al proclamar&nbsp;<strong>\u2018Dios ha muerto\u2019<\/strong>, se refer\u00eda a la p\u00e9rdida de fe en valores absolutos y en un orden moral respaldado por la religi\u00f3n. En&nbsp;<strong><em>El ocaso de los \u00eddolos<\/em>,<\/strong>&nbsp;advierte sobre las implicaciones de abandonar la fe cristiana:<\/p>\n\n\n\n<p><strong>&#8220;Cuando uno abandona la fe cristiana<\/strong>, se quita de debajo de sus pies el derecho a la moral cristiana. Esta moral no es en absoluto evidente por s\u00ed misma&#8230;&nbsp;<strong>El cristianismo es un sistema, una visi\u00f3n global de las cosas pensadas en conjunto. Al separar de \u00e9l un concepto principal, la fe en Dios, se rompe el todo\u201d.<\/strong><\/p>\n\n\n\n<p>Seg\u00fan Nietzsche, sin el cristianismo, las reglas morales vinculantes que antes reg\u00edan nuestras vidas pierden su fundamento, dejando a la humanidad sin un prop\u00f3sito espiritual superior. Este vac\u00edo podr\u00eda conducir al nihilismo, una perspectiva que Nietzsche tem\u00eda profundamente. En&nbsp;<strong><em>La voluntad de poder<\/em><\/strong>, escribi\u00f3:<\/p>\n\n\n\n<p><strong>&#8220;Lo que cuento es la historia de los pr\u00f3ximos dos siglos.<\/strong>&nbsp;Describo lo que est\u00e1 por venir, lo que ya no puede venir de otra manera:&nbsp;<strong>el advenimiento del nihilismo<\/strong>&#8230; Desde hace alg\u00fan tiempo, toda nuestra cultura europea se est\u00e1 moviendo hacia una cat\u00e1strofe\u201d.<\/p>\n\n\n\n<p><strong>Nietzsche ve\u00eda el nihilismo como una fuerza corrosiva capaz de desmantelar las instituciones que brindan estabilidad a nuestras vidas.<\/strong>&nbsp;Para contrarrestar este vac\u00edo de sentido, propon\u00eda afirmar la vida y convertirla en una obra de arte, buscando posibilidades y evitando caer en el sinsentido.&nbsp;<strong>Estas reflexiones destacan la preocupaci\u00f3n de Nietzsche por las consecuencias de la p\u00e9rdida de fundamentos religiosos en la moralidad y el sentido de la vida, as\u00ed como su llamado a la humanidad para crear nuevos valores en ausencia de un fundamento divino.<\/strong><\/p>\n\n\n\n<p>En la pel\u00edcula&nbsp;<strong><em>C\u00f3nclave<\/em><\/strong>, hay una escena significativa en la que el Cardenal Lawrence, se encuentra en la Capilla Sixtina y dirige su mirada hacia el mural&nbsp;<strong><em>El Juicio Final<\/em><\/strong>&nbsp;de Miguel \u00c1ngel. Su atenci\u00f3n se centra en la figura de un alma condenada, encorvada y angustiada, arrastrada al infierno por demonios.&nbsp;<strong>Este momento refleja la agitaci\u00f3n espiritual de Lawrence, simbolizando las profundas cuestiones teol\u00f3gicas y organizativas que enfrenta \u00e9l y la Iglesia en ese contexto.<\/strong>&nbsp;Fiennes expres\u00f3 su perspectiva:<\/p>\n\n\n\n<p><strong>\u201cMe gustar\u00eda pensar que la iglesia evolucionar\u00e1 mediante el di\u00e1logo interno.<\/strong>&nbsp;Que puede ser una fuerza positiva. Pero creo que la evoluci\u00f3n de la iglesia ser\u00e1 dif\u00edcil y ardua.&nbsp;<strong>Nuestro camino por la vida es una evoluci\u00f3n constante, tanto con nosotros mismos como con quienes conectamos.&nbsp;<\/strong>Siempre existen trampas para nosotros como individuos, con nuestro ego y nuestra ansiedad.&nbsp;<strong>Lo mejor de la iglesia, de cualquier fe, de cualquier estructura, o simplemente de tu terapeuta, reside en ayudarnos mutuamente a afrontar el mundo\u201d.<\/strong><\/p>\n\n\n\n<p><strong>En una \u00e9poca marcada por realineamientos geopol\u00edticos significativos<\/strong>, crisis ambientales, desigualdades econ\u00f3micas extremas y la proliferaci\u00f3n de la posverdad,&nbsp;<strong>nuestros valores, que antes consider\u00e1bamos universales, se revelan menos compartidos de lo que cre\u00edamos.&nbsp;<\/strong>Frente a estos desaf\u00edos globales, es esencial preguntarnos: \u00bfHacia d\u00f3nde nos dirigimos? \u00bfCu\u00e1l es el prop\u00f3sito de los sistemas que hemos establecido?&nbsp;<strong>La ausencia de un marco \u00e9tico s\u00f3lido y universalmente aceptado que nos gu\u00ede en la confrontaci\u00f3n de estos retos es evidente.<\/strong>&nbsp;Quiz\u00e1 la reintegraci\u00f3n moral sea el desaf\u00edo principal de este siglo: establecer una \u00e9tica planetaria y responsable que oriente nuestras mentes y recursos hacia la sostenibilidad, la justicia y el bien com\u00fan,&nbsp;<strong>sin olvidar el sentido de nuestros sistemas<\/strong>. El novelista brit\u00e1nico Julian Barnes, ateo en su juventud y agn\u00f3stico en su madurez, inicia su libro&nbsp;<strong><em>Nada que temer<\/em><\/strong>&nbsp;con la frase:<\/p>\n\n\n\n<p>\u201cNo creo en Dios, pero le echo de menos\u201d.<\/p>\n\n\n\n<p>En un mundo donde&nbsp;<strong>las certezas tradicionales<\/strong>&nbsp;parecen desvanecerse, la b\u00fasqueda de sentido sigue siendo una constante universal. Ya sea a trav\u00e9s de la espiritualidad, la religi\u00f3n, la filosof\u00eda o el arte, los seres humanos contin\u00faan buscando respuestas a las preguntas fundamentales sobre el prop\u00f3sito y la trascendencia.&nbsp;<strong>Tal vez, como sugiere Barnes, echar de menos a Dios sea una se\u00f1al de nuestra necesidad inherente de conexi\u00f3n, significado y esperanza.<\/strong><\/p>\n","protected":false},"excerpt":{"rendered":"<p>Cuando un papa fallece, se inicia un proceso meticulosamente estructurado para elegir a su sucesor, conocido como c\u00f3nclave\u2014t\u00e9rmino que proviene del lat\u00edn&nbsp;&#8216;cum clave&#8217;, que significa&nbsp;&#8216;bajo llave&#8217;\u2014. Este ritual, regulado por la constituci\u00f3n apost\u00f3lica promulgada en 1996 por el papa Juan Pablo II, re\u00fane a los cardenales menores de 80 a\u00f1os en la Capilla Sixtina del Vaticano. El proceso de elecci\u00f3n [&hellip;]<\/p>\n","protected":false},"author":1,"featured_media":1292,"comment_status":"open","ping_status":"open","sticky":false,"template":"","format":"standard","meta":[],"categories":[158,17,109,28,409,48,332,334,52,147,160,58,457,477,31,462,463,461,439,19,248,84,47,85,76,59,51],"tags":[],"_links":{"self":[{"href":"https:\/\/www.imagen.cl\/blog\/index.php\/wp-json\/wp\/v2\/posts\/1286"}],"collection":[{"href":"https:\/\/www.imagen.cl\/blog\/index.php\/wp-json\/wp\/v2\/posts"}],"about":[{"href":"https:\/\/www.imagen.cl\/blog\/index.php\/wp-json\/wp\/v2\/types\/post"}],"author":[{"embeddable":true,"href":"https:\/\/www.imagen.cl\/blog\/index.php\/wp-json\/wp\/v2\/users\/1"}],"replies":[{"embeddable":true,"href":"https:\/\/www.imagen.cl\/blog\/index.php\/wp-json\/wp\/v2\/comments?post=1286"}],"version-history":[{"count":1,"href":"https:\/\/www.imagen.cl\/blog\/index.php\/wp-json\/wp\/v2\/posts\/1286\/revisions"}],"predecessor-version":[{"id":1288,"href":"https:\/\/www.imagen.cl\/blog\/index.php\/wp-json\/wp\/v2\/posts\/1286\/revisions\/1288"}],"wp:featuredmedia":[{"embeddable":true,"href":"https:\/\/www.imagen.cl\/blog\/index.php\/wp-json\/wp\/v2\/media\/1292"}],"wp:attachment":[{"href":"https:\/\/www.imagen.cl\/blog\/index.php\/wp-json\/wp\/v2\/media?parent=1286"}],"wp:term":[{"taxonomy":"category","embeddable":true,"href":"https:\/\/www.imagen.cl\/blog\/index.php\/wp-json\/wp\/v2\/categories?post=1286"},{"taxonomy":"post_tag","embeddable":true,"href":"https:\/\/www.imagen.cl\/blog\/index.php\/wp-json\/wp\/v2\/tags?post=1286"}],"curies":[{"name":"wp","href":"https:\/\/api.w.org\/{rel}","templated":true}]}}