{"id":1241,"date":"2025-01-13T10:44:30","date_gmt":"2025-01-13T13:44:30","guid":{"rendered":"https:\/\/www.imagen.cl\/blog\/?p=1241"},"modified":"2025-01-13T10:44:30","modified_gmt":"2025-01-13T13:44:30","slug":"fractura-en-la-humanidad","status":"publish","type":"post","link":"https:\/\/www.imagen.cl\/blog\/index.php\/2025\/01\/13\/fractura-en-la-humanidad\/","title":{"rendered":"Fractura en la humanidad"},"content":{"rendered":"\n<p>Hace unos d\u00edas, Elon Musk anunci\u00f3 que su empresa Neuralink implant\u00f3 su dispositivo en un&nbsp;<strong>tercer paciente<\/strong>. Adem\u00e1s, inform\u00f3 que&nbsp;<strong>durante 2025 espera realizar entre 20 y 30 implantes m\u00e1s<\/strong>. En su cuenta de X (antes Twitter), Musk se\u00f1al\u00f3:<\/p>\n\n\n\n<p><strong>\u201cTenemos ahora tres humanos con Neuralinks implantados<\/strong>&nbsp;y todos est\u00e1n funcionando bien\u201d.<\/p>\n\n\n\n<p><strong>Los avances en neurociencias permiten decodificar, cada vez con mayor precisi\u00f3n, la informaci\u00f3n del cerebro humano<\/strong>, abriendo un amplio espectro de&nbsp;<strong>posibilidades tecnol\u00f3gicas<\/strong>. Estas innovaciones ofrecen aplicaciones beneficiosas en el \u00e1mbito m\u00e9dico, militar, profesional, comercial, social y recreativo. Empresas como Neuralink, Synchron y BrainGate \u2014entre muchas otras\u2014 compiten por desarrollar interfaces cerebro-computadora para fines cient\u00edficos y m\u00e9dicos, pero&nbsp;<strong>sobre todo para el consumo masivo, con la promesa de mejorar el rendimiento cognitivo<em>.<\/em><\/strong>&nbsp;Dichas mejoras abarcan desde una mejor memoria y capacidad de aprendizaje, hasta una mayor percepci\u00f3n sensorial y optimizaci\u00f3n de las capacidades emocionales. Sin embargo, tambi\u00e9n conllevan riesgos para la privacidad, la integridad de las personas y la cohesi\u00f3n social. El optimismo por los&nbsp;<strong>posibles beneficios en la salud o mejoras cognitivas de estas tecnolog\u00edas<\/strong>&nbsp;debe equilibrarse con el reconocimiento de nuestra&nbsp;<strong>ignorancia sobre el funcionamiento del cerebro<\/strong>, y con una&nbsp;<strong>reflexi\u00f3n \u00e9tica sobre desigualdades y libertad de pensamiento.<\/strong><\/p>\n\n\n\n<p>En 2019, desde el Centro de Neurotecnolog\u00eda de la Universidad de Columbia, surgi\u00f3 la&nbsp;<strong>NeuroRights Initiative<\/strong>, liderada por el neurobi\u00f3logo Rafael Yuste. Los denominados&nbsp;<strong>\u2018neuroderechos\u2019<\/strong>&nbsp;buscan garantizar la&nbsp;<strong>protecci\u00f3n de la mente y del cerebro humano frente a eventuales abusos o manipulaciones<\/strong>&nbsp;derivadas del uso de estas tecnolog\u00edas. Entre los m\u00e1s mencionados se encuentran: el derecho a la identidad personal y la autonom\u00eda mental, el derecho a la privacidad mental, el derecho al libre albedr\u00edo, el derecho al acceso equitativo a los avances neurotecnol\u00f3gicos y el derecho a la protecci\u00f3n contra sesgos y discriminaci\u00f3n en este campo.<\/p>\n\n\n\n<p><strong>Chile fue pionero al incluir expl\u00edcitamente estos conceptos en su legislaci\u00f3n.<\/strong>&nbsp;En octubre de 2021, se aprob\u00f3 una reforma constitucional que se\u00f1ala:<\/p>\n\n\n\n<p><strong>\u201cEl desarrollo cient\u00edfico y tecnol\u00f3gico estar\u00e1 al servicio de las personas y se llevar\u00e1 a cabo con respeto a la vida y a la integridad f\u00edsica y ps\u00edquica.&nbsp;<\/strong>La ley regular\u00e1 los requisitos, condiciones y restricciones para su utilizaci\u00f3n en las personas, debiendo&nbsp;<strong>resguardar especialmente la actividad cerebral, as\u00ed como la informaci\u00f3n proveniente de ella\u201d.<\/strong><\/p>\n\n\n\n<p>Este proyecto ha sido recibido positivamente por la Organizaci\u00f3n de las Naciones Unidas (ONU), la Organizaci\u00f3n para la Cooperaci\u00f3n y el Desarrollo Econ\u00f3micos (OCDE) y la Unesco. En una reciente entrevista con Manuel Ansede, publicada en&nbsp;<strong><em>El Pa\u00eds<\/em><\/strong>, Rafael Yuste explica que el estado brasile\u00f1o de R\u00edo Grande del Sur y los estados de Colorado y California en Estados Unidos han establecido leyes similares de&nbsp;<strong>protecci\u00f3n de datos cerebrales.&nbsp;<\/strong>En pa\u00edses como Uruguay, Ecuador, M\u00e9xico y Brasil a nivel federal, tambi\u00e9n se discuten proyectos de ley con el mismo prop\u00f3sito.<\/p>\n\n\n\n<p>Yuste, quien dirige el Centro de Neurotecnolog\u00eda de la Universidad de Columbia, relata que, hace una d\u00e9cada,&nbsp;<strong>mientras estudiaba la corteza visual de un rat\u00f3n, \u00e9l y su equipo lograron descifrar lo que el animal ve\u00eda,<\/strong>&nbsp;pero tambi\u00e9n manipular su actividad cerebral para hacerle creer que ve\u00eda algo que, en realidad, no estaba all\u00ed. Seg\u00fan explica:<\/p>\n\n\n\n<p><strong>\u201cFue como si le meti\u00e9semos una alucinaci\u00f3n en su cerebro.<\/strong>&nbsp;Y el rat\u00f3n se empez\u00f3 a comportar como si realmente estuviese viendo esta imagen falsa.&nbsp;<strong>Lo manej\u00e1bamos como una marioneta.<\/strong>&nbsp;Aquella noche no dorm\u00ed.&nbsp;<strong>Lo que hoy hacemos en un rat\u00f3n se podr\u00e1 hacer ma\u00f1ana en un humano. Hemos abierto la puerta a unos problemas \u00e9ticos y sociales gord\u00edsimos, como le ocurri\u00f3 al f\u00edsico Robert Oppenheimer con la bomba at\u00f3mica\u201d.<\/strong><\/p>\n\n\n\n<p>En la Universidad de Tecnolog\u00eda de S\u00eddney, un equipo de investigadores, en colaboraci\u00f3n con una empresa neurotecnol\u00f3gica, desarroll\u00f3 un&nbsp;<strong>casco de electroencefalograf\u00eda acoplado a un sistema de inteligencia artificial generativa.<\/strong>&nbsp;Con este dispositivo,&nbsp;<strong>lograron descifrar el lenguaje mental de 19 voluntarios<\/strong>, aunque con una exactitud media del 40%. Sin embargo, en algunos casos, la precisi\u00f3n fue mucho mayor. Al respecto, Yuste comenta:<\/p>\n\n\n\n<p><strong>\u201cNo sabemos lo que es un pensamiento, pero s\u00ed conocemos el lenguaje. [Estos investigadores] descifran las palabras que no se pronuncian. El potencial que tiene esto es brutal. Se va a abrir un mundo entero.<\/strong>&nbsp;Tenemos que anticiparnos a este futuro que nos viene de frente, en el que&nbsp;<strong>vamos a utilizar neurotecnolog\u00eda en la vida corriente igual que utilizamos ahora los m\u00f3viles, una neurotecnolog\u00eda que tambi\u00e9n nos aumentar\u00e1 las capacidades mentales y cognitivas\u201d.<\/strong><\/p>\n\n\n\n<p>Por su parte, en la Universidad de Boston, un equipo de cient\u00edficos utiliz\u00f3&nbsp;<strong>neuroestimuladores electromagn\u00e9ticos colocados sobre la cabeza en un grupo de participantes para estimular una zona cerebral y lograron aumentar la memoria en un 30%<\/strong>. Este experimento de control, cuyo siguiente paso es probarlo en pacientes con alzh\u00e9imer u otras demencias, anticipa un escenario en el que&nbsp;<strong>dichos dispositivos puedan llegar a comercializarse.<\/strong>&nbsp;Yuste advierte:<\/p>\n\n\n\n<p><strong>\u201cVamos a tener la posibilidad de aumentarnos mentalmente, y ah\u00ed podemos crear una brecha en la sociedad con dos tipos de seres humanos: unos que est\u00e1n aumentados y otros que no.&nbsp;<\/strong>Tenemos que empezar ya a pensar en c\u00f3mo evitar una&nbsp;<strong>fractura en la humanidad\u201d.<\/strong><\/p>\n\n\n\n<p>El fil\u00f3sofo Julian Savulescu, en su art\u00edculo&nbsp;<strong><em>New breeds of humans: the moral obligation to enhance<\/em>,&nbsp;<\/strong>sostiene que&nbsp;<strong>\u201ctenemos la obligaci\u00f3n moral de mejorar cognitivamente a los seres humanos\u201d.<\/strong>&nbsp;De forma similar, Nick Bostrom y Anders Sandberg, en su art\u00edculo&nbsp;<strong><em>Cognitive Enhancement: Methods, Ethics, Regulatory Challenges<\/em><\/strong>, afirman que es parte de la naturaleza humana tratar de perfeccionarse a s\u00ed mismo. Escriben:<\/p>\n\n\n\n<p><strong>\u201cLa mayor\u00eda de las funciones cognitivas\u2026 son intr\u00ednsecamente deseables.<\/strong>&nbsp;Tener una buena memoria o una mente creativa normalmente es valioso por derecho propio\u201d.<\/p>\n\n\n\n<p>Musk fund\u00f3 Neuralink en 2016 con la promesa de desarrollar tecnolog\u00edas de interfaz cerebro-m\u00e1quina que tuvieran aplicaciones m\u00e9dicas \u2014por ejemplo, en el tratamiento de enfermedades neurol\u00f3gicas\u2014 y, a su vez, aplicaciones vinculadas con la inteligencia artificial. A primera vista, Neuralink no parece presentar ninguna complejidad \u00e9tica especial. Seg\u00fan Musk:<\/p>\n\n\n\n<p><strong>\u201cEl primer uso de la tecnolog\u00eda ser\u00e1 reparar lesiones cerebrales<\/strong>&nbsp;como resultado de un accidente cerebrovascular o reducir una lesi\u00f3n de c\u00e1ncer, de alguien que ha perdido cierto elemento cognitivo\u201d.<\/p>\n\n\n\n<p>No obstante, a medida que aumente el ancho de banda de las interfaces,&nbsp;<strong>las mismas tecnolog\u00edas que permiten a un tetrapl\u00e9jico usar sus pensamientos para mover una extremidad rob\u00f3tica podr\u00edan, en un futuro, permitir la transmisi\u00f3n de pensamientos entre personas.<\/strong>&nbsp;Musk lo describe as\u00ed:<\/p>\n\n\n\n<p><strong>\u201cSi tuviera que comunicarte un concepto, esencialmente participar\u00edas en la telepat\u00eda consensual. No necesitar\u00edas verbalizar a menos que quieras agregar un poco de estilo a la conversaci\u00f3n<\/strong>, pero la conversaci\u00f3n ser\u00eda una interacci\u00f3n conceptual a un nivel que ahora es dif\u00edcil de concebir\u201d.<\/p>\n\n\n\n<p>En su art\u00edculo&nbsp;<strong><em>The Dangers of Musk\u2019s Neuralink<\/em><\/strong>, \u00c9ric Fourneretis, profesor de la Universidad de Lille, afirma:<\/p>\n\n\n\n<p><strong>\u201cNeuralink es una startup y, como tal, busca alcanzar ciertos objetivos econ\u00f3micos para existir.&nbsp;<\/strong>Sabemos que el desarrollo de la IA es un \u00e1rea de crecimiento importante y es comprensible que Neuralink tambi\u00e9n se adhiera a este mantra de la econom\u00eda liberal en su proyecto para&nbsp;<strong>desarrollar implantes cerebrales \u2018inteligentes\u2019\u201d.<\/strong><\/p>\n\n\n\n<p>Fourneretis emplea el t\u00e9rmino&nbsp;<strong>\u2018liberalismo tecnol\u00f3gico\u2019<\/strong>&nbsp;para reflejar los objetivos econ\u00f3micos que impulsan este tipo de empresas. Musk no es el \u00fanico: Mark Zuckerberg trabaja en el desarrollo de una neurotecnolog\u00eda que permitir\u00e1&nbsp;<strong>\u2018pensar en vez de teclear\u2019<\/strong>, de modo que&nbsp;<strong>el cerebro se transforme en la interfaz definitiva con el mundo digital.<\/strong>&nbsp;<strong>Digitalizar el pensamiento humano<\/strong>&nbsp;es, por decirlo de alguna manera,&nbsp;<strong>\u2018novedoso\u2019<\/strong>. El fil\u00f3sofo Slavoj \u017di\u017eek, en su libro&nbsp;<strong><em>Hegel in a Wired Brain<\/em><\/strong>, utiliza Neuralink como punto de partida para explorar c\u00f3mo la perspectiva de&nbsp;<strong>un cerebro interconectado afecta nuestra comprensi\u00f3n de lo que significa ser humano.&nbsp;<\/strong>Escribe:<\/p>\n\n\n\n<p><strong>\u201cLa distancia entre nuestra vida interior y la realidad externa<\/strong>&nbsp;\u2014la l\u00ednea que separa nuestros pensamientos del mundo\u2014&nbsp;<strong>es la base de la percepci\u00f3n de nosotros mismos como libres\u201d.<\/strong><\/p>\n\n\n\n<p><strong>Seg\u00fan \u017di\u017eek, somos libres en nuestros pensamientos porque permanecen alejados del entorno, permiti\u00e9ndonos jugar con ellos, realizar experimentos mentales y so\u00f1ar sin ser observados.<\/strong>&nbsp;Pero si nuestra vida interior se expusiera o regulara a trav\u00e9s de una m\u00e1quina,&nbsp;<strong>esos pensamientos dejar\u00edan de ser \u2018nuestros\u2019 y pasar\u00edan a ser p\u00fablicos.<\/strong>&nbsp;En tal caso, deber\u00edamos preguntarnos&nbsp;<strong>\u201c\u00bfSeguiremos siendo humanos si estamos inmersos en un cerebro conectado?\u201d,<\/strong>&nbsp;pero m\u00e1s importante:&nbsp;<strong>\u201c\u00bfQu\u00e9 entenderemos por \u2018humano\u2019?\u201d.<\/strong>&nbsp;De hecho, el nexo de causalidad podr\u00eda operar en sentido contrario: quienes controlen la m\u00e1quina digital capaz de&nbsp;<strong>\u201cleer\u201d<\/strong>&nbsp;nuestra mente podr\u00edan tambi\u00e9n implantar pensamientos en ella. Yuste advierte:<\/p>\n\n\n\n<p><strong>\u201cHay montones de compa\u00f1\u00edas de neurotecnolog\u00eda en todo el mundo que ya est\u00e1n acumulando datos cerebrales de los usuarios.<\/strong>&nbsp;<strong>Son dispositivos que se venden para dormir mejor, para meditar, para videojuegos, para pilotar drones con tu pensamiento, para mover un cursor en la pantalla de la computadora.&nbsp;<\/strong>Me preocupa que estas compa\u00f1\u00edas est\u00e9n acaparando todos estos datos. Ya se pueden empezar a descifrar, como se ha hecho en Australia, porque la inteligencia artificial est\u00e1 mejorando espectacularmente.&nbsp;<strong>Es cuesti\u00f3n de tiempo\u201d.<\/strong><\/p>\n\n\n\n<p>Con Neuralink, Musk no pretende imponer a nadie un implante cerebral, pues \u2014por el momento\u2014 cada uno es libre de tomar sus propias decisiones. Sin embargo,&nbsp;<strong>todav\u00eda no entendemos cabalmente c\u00f3mo funciona el cerebro.<\/strong>&nbsp;En palabras de Yuste:<\/p>\n\n\n\n<p>\u201cLlevamos 100 a\u00f1os destripando las mol\u00e9culas y las c\u00e9lulas que hay en el cerebro, pero&nbsp;<strong>lo que a\u00fan no hemos hecho es juntar todas las piezas de ese rompecabezas\u201d.<\/strong><\/p>\n\n\n\n<p>En su art\u00edculo&nbsp;<strong><em>The hidden risks of Neuralink<\/em><\/strong>, Karina Vold, Jessie Hall y Amelia Kush, de la Universidad de Toronto, plantean varias preguntas:&nbsp;<strong>\u00bfQu\u00e9 ocurre si hay un exceso de algo \u2018bueno\u2019? \u00bfY si podemos sobrepasar ciertos rasgos? \u00bfQu\u00e9 pasa si la mejora cognitiva tiene efectos secundarios imprevistos?<\/strong>Las funciones cognitivas no son variables independientes que puedan optimizarse de manera aislada; forman parte de un&nbsp;<strong>sistema interconectado<\/strong>&nbsp;en el que un cambio en un elemento puede desencadenar efectos en cascada sobre otros. Escriben:<\/p>\n\n\n\n<p><strong>\u201cSi mejoramos dr\u00e1sticamente nuestra capacidad de memoria a largo plazo, por ejemplo, esto podr\u00eda disminuir nuestra capacidad de olvidar o incluso de tomar buenas decisiones<\/strong>, ya que nuestros procesos deliberativos podr\u00edan verse abrumados por la informaci\u00f3n que recordamos\u201d.<\/p>\n\n\n\n<p>M\u00e1s all\u00e1 de los tratamientos m\u00e9dicos y la investigaci\u00f3n cient\u00edfica,&nbsp;<strong>el principal inter\u00e9s en el desarrollo de neurotecnolog\u00edas para el consumo masivo radica en la creencia de que podemos mejorar nuestras capacidades cognitivas de manera selectiva.&nbsp;<\/strong>Sin embargo, modificar cualquier aspecto de la vida cognitiva puede alterar el equilibrio de todo el sistema.&nbsp;<strong>Algunas funciones cerebrales operan de forma antag\u00f3nica, y las compensaciones podr\u00edan generar efectos no deseados.<\/strong>&nbsp;Vold, Hall y Kush se preguntan si,&nbsp;<strong>al modificar lo que la naturaleza nos ha dado, hay m\u00e1s que ganar o m\u00e1s que perder.<\/strong><\/p>\n\n\n\n<p>Para ilustrar la dificultad de encontrar el equilibrio, las autoras aluden a la&nbsp;<strong>\u2018virtud moral\u2019<\/strong>&nbsp;de Arist\u00f3teles. Seg\u00fan la \u00e9tica aristot\u00e9lica, la virtud consiste en comportarse de manera correcta, lo que es un punto medio entre dos extremos viciosos \u2014la carencia y el exceso\u2014. As\u00ed, por ejemplo, la valent\u00eda se sit\u00faa entre la temeridad y la cobard\u00eda. Con esta idea, Arist\u00f3teles sosten\u00eda que&nbsp;<strong>el florecimiento humano es un delicado acto de equilibrio.<\/strong>&nbsp;Del mismo modo,&nbsp;<strong>tener una vida cognitiva sana es el resultado de miles de a\u00f1os de evoluci\u00f3n que han ido puliendo un fr\u00e1gil balance.<\/strong>&nbsp;Alterar dr\u00e1sticamente funciones espec\u00edficas de la vida cognitiva podr\u00eda quebrar ese equilibrio. Es necesario reflexionar cr\u00edticamente sobre la responsabilidad que conlleva abrir la puerta a la&nbsp;<strong>manipulaci\u00f3n cerebral<\/strong>. Escriben:<\/p>\n\n\n\n<p>\u201cAs\u00ed como Arist\u00f3teles ve\u00eda la virtud en el punto medio y no en el extremo,&nbsp;<strong>el camino hacia la mejora cognitiva general no consiste en llevar las funciones individuales hasta sus l\u00edmites<\/strong>, sino en reequilibrar las facultades cognitivas para optimizar la funci\u00f3n global. Por supuesto, no hay forma de mejorar nuestra funci\u00f3n general de una sola vez. Por lo tanto,&nbsp;<strong>debemos pensar con cuidado qu\u00e9 rasgos cognitivos, si es que hay alguno, realmente queremos priorizar para mejorar\u201d.<\/strong><\/p>\n","protected":false},"excerpt":{"rendered":"<p>Hace unos d\u00edas, Elon Musk anunci\u00f3 que su empresa Neuralink implant\u00f3 su dispositivo en un&nbsp;tercer paciente. Adem\u00e1s, inform\u00f3 que&nbsp;durante 2025 espera realizar entre 20 y 30 implantes m\u00e1s. En su cuenta de X (antes Twitter), Musk se\u00f1al\u00f3: \u201cTenemos ahora tres humanos con Neuralinks implantados&nbsp;y todos est\u00e1n funcionando bien\u201d. Los avances en neurociencias permiten decodificar, cada vez con mayor precisi\u00f3n, la [&hellip;]<\/p>\n","protected":false},"author":1,"featured_media":1242,"comment_status":"open","ping_status":"open","sticky":false,"template":"","format":"standard","meta":[],"categories":[329,158,17,109,28,409,332,52,160,153,425,58,448,138,266,155,126,37,31,292,19,84,47,85,76,59,53,51,49,144],"tags":[],"_links":{"self":[{"href":"https:\/\/www.imagen.cl\/blog\/index.php\/wp-json\/wp\/v2\/posts\/1241"}],"collection":[{"href":"https:\/\/www.imagen.cl\/blog\/index.php\/wp-json\/wp\/v2\/posts"}],"about":[{"href":"https:\/\/www.imagen.cl\/blog\/index.php\/wp-json\/wp\/v2\/types\/post"}],"author":[{"embeddable":true,"href":"https:\/\/www.imagen.cl\/blog\/index.php\/wp-json\/wp\/v2\/users\/1"}],"replies":[{"embeddable":true,"href":"https:\/\/www.imagen.cl\/blog\/index.php\/wp-json\/wp\/v2\/comments?post=1241"}],"version-history":[{"count":1,"href":"https:\/\/www.imagen.cl\/blog\/index.php\/wp-json\/wp\/v2\/posts\/1241\/revisions"}],"predecessor-version":[{"id":1243,"href":"https:\/\/www.imagen.cl\/blog\/index.php\/wp-json\/wp\/v2\/posts\/1241\/revisions\/1243"}],"wp:featuredmedia":[{"embeddable":true,"href":"https:\/\/www.imagen.cl\/blog\/index.php\/wp-json\/wp\/v2\/media\/1242"}],"wp:attachment":[{"href":"https:\/\/www.imagen.cl\/blog\/index.php\/wp-json\/wp\/v2\/media?parent=1241"}],"wp:term":[{"taxonomy":"category","embeddable":true,"href":"https:\/\/www.imagen.cl\/blog\/index.php\/wp-json\/wp\/v2\/categories?post=1241"},{"taxonomy":"post_tag","embeddable":true,"href":"https:\/\/www.imagen.cl\/blog\/index.php\/wp-json\/wp\/v2\/tags?post=1241"}],"curies":[{"name":"wp","href":"https:\/\/api.w.org\/{rel}","templated":true}]}}