{"id":1096,"date":"2024-06-03T12:49:45","date_gmt":"2024-06-03T15:49:45","guid":{"rendered":"https:\/\/www.imagen.cl\/blog\/?p=1096"},"modified":"2024-06-03T12:49:45","modified_gmt":"2024-06-03T15:49:45","slug":"windows-el-memorioso","status":"publish","type":"post","link":"https:\/\/www.imagen.cl\/blog\/index.php\/2024\/06\/03\/windows-el-memorioso\/","title":{"rendered":"Windows \u201cEl memorioso\u201d"},"content":{"rendered":"\n<p><strong><em>\u201cQuiero almacenar para siempre todo lo que he visto, escuchado o hecho\u201d.<\/em><\/strong>&nbsp;As\u00ed describi\u00f3 el experto inform\u00e1tico Gordon Bell, un proyecto experimental que comenz\u00f3 en 1998 para demostrar que se pod\u00eda digitalizar toda una vida. El proyecto se llam\u00f3&nbsp;<strong><em>MyLifeBits<\/em><\/strong>. La idea era registrar en formato digital la mayor cantidad de informaci\u00f3n de las personas. Quer\u00eda probar los l\u00edmites acerca de cu\u00e1nta informaci\u00f3n puede archivar un computador y la ambiciosa pretensi\u00f3n de almacenar digitalmente&nbsp;<strong><em>&#8216;la experiencia humana&#8217;<\/em><\/strong>. Bell, lideraba un equipo de investigaci\u00f3n en el laboratorio experimental de Microsoft, y en este proyecto \u00e9l mismo fue el conejillo de indias. Lo defini\u00f3 as\u00ed:<\/p>\n\n\n\n<p><strong><em>\u201cVeo el proyecto como una memoria de repuesto,<\/em><\/strong><em>&nbsp;en caso de que olvide algunos hechos que han ocurrido en mi vida [\u2026]&nbsp;<strong>Mi computador es mi memoria principal; mi memoria biol\u00f3gica son solo metadatos de la memoria real\u201d.<\/strong><\/em><\/p>\n\n\n\n<p>Durante m\u00e1s de una d\u00e9cada Bell digitaliz\u00f3 y registr\u00f3 pr\u00e1cticamente todo lo posible: correspondencia, notas, facturas, art\u00edculos y libros escritos y le\u00eddos, pel\u00edculas vistas, m\u00fasica escuchada, fotos, correos electr\u00f3nicos, mensajes, conversaciones, etc. Llevaba una c\u00e1mara portable colgada del cuello que tomaba fotograf\u00edas autom\u00e1ticamente cada 20 segundos. La c\u00e1mara no grababa audio; porque en esa \u00e9poca&nbsp;<strong><em>eso se consider\u00f3 demasiado intrusivo.&nbsp;<\/em><\/strong>Pero, Bell, llevaba una grabadora para captar todas sus conversaciones, y una serie de dispositivos que registraban su pulso, su calor corporal, humedad relativa y su ubicaci\u00f3n (GPS). En su libro&nbsp;<strong><em>&#8216;Total Recall&#8217;<\/em><\/strong>, Bell cuenta su experiencia:<\/p>\n\n\n\n<p><strong><em>\u201cCuando empezamos no hab\u00eda ni tel\u00e9fonos inteligentes.&nbsp;<\/em><\/strong><em>Hoy, todo el mundo tiene la posibilidad, si as\u00ed lo quiere, de almacenar much\u00edsima informaci\u00f3n sobre su vida. Entonces ten\u00edamos que ingeni\u00e1rnoslas para recoger datos;<strong>&nbsp;hoy son tan abundantes que la tarea es m\u00e1s bien elegir cu\u00e1les quieres analizar\u201d.<\/strong><\/em><\/p>\n\n\n\n<p>El proyecto&nbsp;<strong><em>MyLifeBits<\/em><\/strong>&nbsp;termin\u00f3 en 2009. Aunque no se tradujo en un producto espec\u00edfico, qued\u00f3 demostrado, que era viable recoger grandes cantidades de datos de las personas. En palabras de Bell:<\/p>\n\n\n\n<p><strong><em>\u201cParece que mucho del trabajo que hac\u00edamos nosotros ahora lo cubren las redes sociales.<\/em><\/strong><em>&nbsp;La gente no se da cuenta de la relevancia que tiene ceder datos sobre su vida a otros.&nbsp;<strong>Creo que eso es un desastre\u201d.<\/strong><\/em><\/p>\n\n\n\n<p>En 2016 en el art\u00edculo de Computerworld&nbsp;<strong><em>&#8216;Lifelogging is dead (for now)&#8217;,&nbsp;<\/em><\/strong>Bell coment\u00f3 que lo que termin\u00f3 el proyecto fue la llegada de los tel\u00e9fonos inteligentes, dada su universalidad y capacidad para capturar no s\u00f3lo im\u00e1genes y datos del usuario, sino tambi\u00e9n datos de sensores. En ese art\u00edculo Bell predijo:<\/p>\n\n\n\n<p><strong><em>\u201cEn el futuro, podr\u00edamos ver bajar considerablemente el precio de la memoria, as\u00ed como avances en la tecnolog\u00eda de bater\u00edas y la inteligencia artificial<\/em><\/strong><em>. Pero por ahora, no es posible grabar todo autom\u00e1ticamente usando un dispositivo m\u00f3vil. Y es dif\u00edcil gestionar y utilizar los terabytes de datos generados\u201d.<\/em><\/p>\n\n\n\n<p>Bell, ten\u00eda raz\u00f3n. Hace unos d\u00edas Microsoft anunci\u00f3 una nueva arquitectura de computadores&nbsp;<strong><em>Windows: los Copilot+ PC<\/em><\/strong>, con una funci\u00f3n llamada&nbsp;<strong><em>Recall<\/em><\/strong>&nbsp;que realiza capturas de pantalla continuamente. Esto permite, desplazarse cronol\u00f3gicamente para reproducir lo que se hizo en el pasado y buscar informaci\u00f3n espec\u00edfica. Como anticip\u00f3 en 2002 la pel\u00edcula&nbsp;<strong><em>&#8216;Minority Report&#8217;<\/em><\/strong>&nbsp;de Steven Spielberg, podremos navegar como Tom Cruise en nuestras pantallas buscando las trazas de alg\u00fan&nbsp;<strong><em>\u2018PreCrimen\u2019.<\/em><\/strong>&nbsp;El secreto tras esta nueva versi\u00f3n de Windows obviamente es que una inteligencia artificial procesa todos los datos, identificando texto, contexto, im\u00e1genes y otra informaci\u00f3n de las capturas de pantalla que almacena. El objetivo es tener una memoria fotogr\u00e1fica digital de todo lo que hemos hecho en nuestros dispositivos. Seg\u00fan el sitio web de Microsoft:<\/p>\n\n\n\n<p><strong><em>\u201cRecall puede accederse virtualmente a lo que se haya visto o hecho con el PC de un modo an\u00e1logo a como lo permite la memoria fotogr\u00e1fica.<\/em><\/strong><em>&nbsp;Es posible desplazarse a trav\u00e9s de una l\u00ednea de tiempo para encontrar el contenido buscado, en cualquier aplicaci\u00f3n, sitio web o documento\u201d.<\/em><\/p>\n\n\n\n<p>La inteligencia artificial est\u00e1 permitiendo hacer cosas que hasta hace poco tiempo se cre\u00edan imposibles. Estas tremendas capacidades de manejar informaci\u00f3n detallada son un claro ejemplo de lo diferente que funciona el cerebro humano. El neurocient\u00edfico Rodrigo Quian, conocido por haber descubierto las&nbsp;<strong><em>\u2018neuronas de Jennifer Aniston\u2019&nbsp;<\/em><\/strong>oneuronas de concepto, en una entrevista con&nbsp;<strong><em>El Pa\u00eds<\/em><\/strong>&nbsp;se\u00f1al\u00f3:<\/p>\n\n\n\n<p><strong><em>\u201cNuestra memoria est\u00e1 basada en recordar muy poca informaci\u00f3n y hacer una construcci\u00f3n en base a eso.<\/em><\/strong><em>&nbsp;Siempre estamos construyendo una realidad a partir de muy poca informaci\u00f3n. La capacidad de memoria de nuestro cerebro es muy limitada\u201d.<\/em><\/p>\n\n\n\n<p>En su \u00faltimo libro&nbsp;<strong><em>\u2018Cosas que nunca creer\u00edais: De la ciencia ficci\u00f3n a la neurociencia\u2019<\/em><\/strong>, Quian afirma que, a diferencia de las inteligencias artificiales como ChatGPT, nosotros no tenemos que estar entrenados con millones de ejemplos para saber c\u00f3mo reaccionar ante una situaci\u00f3n novedosa en un contexto nuevo.&nbsp;<strong><em>Sabemos c\u00f3mo hacerlo.<\/em><\/strong>&nbsp;<strong><em>Usamos el sentido com\u00fan, hacemos analog\u00edas, usamos inferencias, un mont\u00f3n de procesos que son muy naturales para el ser humano, pero que la inteligencia artificial aun no puede realizar.<\/em><\/strong>&nbsp;No sabemos c\u00f3mo inducir esos procesos en la inteligencia artificial, porque son el resultado de millones de a\u00f1os de evoluci\u00f3n biol\u00f3gica. En una entrevista, Quian se\u00f1al\u00f3:<\/p>\n\n\n\n<p><strong><em>\u201cTendemos a confundir inteligencia con capacidad de memoria, y esta no nos hace inteligentes<\/em><\/strong><em>, si bien sin ella no tengo las bases para ser creativo\u201d.<\/em><\/p>\n\n\n\n<p>En 2005, Quian era miembro de un equipo de investigaci\u00f3n de neurocient\u00edficos del Caltech y de la UCLA. Extra\u00edan datos directamente de los cerebros de ocho pacientes con epilepsia, conect\u00e1ndolos con electrodos intracraneales para identificar el origen de las convulsiones para un posible tratamiento quir\u00fargico. En las sesiones los pacientes miraban una gran cantidad de im\u00e1genes de personajes famosos, edificios emblem\u00e1ticos, animales, objetos y otras im\u00e1genes, para determinar cu\u00e1les provocaban una respuesta significativa en al menos una neurona. En el art\u00edculo<strong><em>&nbsp;\u2018Single-Cell Recognition\u2019<\/em><\/strong>&nbsp;publicado por el Caltech el 16 de junio de 2005 se informa:<\/p>\n\n\n\n<p><strong><em>\u201cUna sola neurona<\/em><\/strong><em>&nbsp;en el hipocampo posterior izquierdo de un sujeto respondi\u00f3 a 30 de 87 im\u00e1genes.&nbsp;<strong>Se activ\u00f3 en respuesta a todas las fotograf\u00edas de la actriz Jennifer Aniston<\/strong>, pero no, o solo muy d\u00e9bilmente, a otras caras famosas y no famosas, monumentos, animales u objetos. La neurona tambi\u00e9n (sabiamente) no respondi\u00f3 a im\u00e1genes de Jennifer Aniston junto al actor Brad Pitt\u201d.<\/em><\/p>\n\n\n\n<p><em>Est\u00e1 f<strong>ue la primera de muchas otras neuronas<\/strong><\/em>&nbsp;que los investigadores encontraron en el hipocampo, una zona del cerebro clave para la memoria,&nbsp;<strong><em>que responden a conceptos y asociaciones entre conceptos que son justamente el esqueleto<\/em><\/strong>&nbsp;de las memorias de nuestras experiencias. Quian explica:<\/p>\n\n\n\n<p><strong><em>\u201cAl estar desarrollando un pensamiento en base a conceptos, estoy dejando de lado un mont\u00f3n de detalles<\/em><\/strong><em>&nbsp;y eso permite hacer asociaciones mucho m\u00e1s avanzadas.&nbsp;<strong>Creo que la inteligencia humana est\u00e1 basada en poder extraer lo que es esencial<\/strong>, dejar de lado los detalles y pensar sobre pensamientos.&nbsp;<strong>Y eso implica olvidar.<\/strong>&nbsp;Este nivel de abstracci\u00f3n es exclusivo de los humanos y esa es la gran peculiaridad de la memoria humana\u201d.<\/em><\/p>\n\n\n\n<p>En su libro&nbsp;<strong><em>\u2018Borges y la memoria: de \u201cFunes el memorioso\u201d a la neurona de Jennifer Aniston\u2019<\/em><\/strong>, Quian relaciona el cuento de 1942 de Borges con sus hallazgos cient\u00edficos. Borges cuenta la historia de un muchacho de 19 a\u00f1os llamado Ireneo, aunque era conocido como Funes, por el apellido de su madre. El caso es que, la vida de Funes cambi\u00f3 radicalmente luego de golpearse fuertemente la cabeza al caer de un caballo. Qued\u00f3 tullido, pero con una memoria prodigiosa, hasta tal punto que dec\u00eda tener m\u00e1s recuerdos que todos los hombres juntos. Dice Borges de Funes:<\/p>\n\n\n\n<p><strong><em>\u201cNosotros, de un vistazo, percibimos tres copas en una mesa; Funes, todos los v\u00e1stagos y racimos y frutos que comprende una parra.<\/em><\/strong><em>&nbsp;Sab\u00eda las formas de las nubes australes del amanecer del 30 de abril de 1882 y pod\u00eda compararlas en el recuerdo con las vetas de un libro en pasta espa\u00f1ola que s\u00f3lo hab\u00eda mirado una vez y con las l\u00edneas de la espuma que un remo levant\u00f3 en el R\u00edo Negro la v\u00edspera de la acci\u00f3n del Quebracho\u201d.<\/em><\/p>\n\n\n\n<p><strong><em>Funes era capaz de recordar cada detalle por m\u00ednimo que fuera.<\/em><\/strong>&nbsp;Nosotros olvidamos muy f\u00e1cilmente las cosas que nos pasan a diario y solo recordamos las que son importantes para cada uno. La abstracci\u00f3n es muy humana y anti-intuitiva, ya que implica olvidar mucha informaci\u00f3n. En una entrevista Quian se\u00f1al\u00f3:<\/p>\n\n\n\n<p><strong><em>\u201cLa capacidad de abstraer, de extraer informaci\u00f3n importante y dejar de lado el resto est\u00e1 ligada a nuestra inteligencia.<\/em><\/strong><em>&nbsp;Recordamos en t\u00e9rminos de abstracciones, y esta se halla ligada a la creatividad y a la imaginaci\u00f3n\u201d.<\/em><\/p>\n\n\n\n<p>Si estamos absortos en los detalles de cada cosa no podemos concentrarnos en lo esencial. Quian sostiene que la capacidad de abstracci\u00f3n es todav\u00eda exclusiva del pensamiento humano. Afirma que no se ha detectado en otras especies, ni se ha podido implementar en una inteligencia artificial. Borges escribe sobre Funes:<\/p>\n\n\n\n<p><em>\u201c\u00c9ste, no lo olvidemos,&nbsp;<strong>era casi incapaz de ideas generales, plat\u00f3nicas<\/strong>&#8230; Hab\u00eda aprendido sin esfuerzo el ingl\u00e9s, el franc\u00e9s, el portugu\u00e9s, el lat\u00edn.&nbsp;<strong>Sospecho, sin embargo, que no era muy capaz de pensar.<\/strong>&nbsp;Pensar es olvidar diferencias, generalizar, abstraer.&nbsp;<strong>En el abarrotado mundo de Funes no hab\u00eda sino detalles, casi inmediatos&#8230;\u201d.<\/strong><\/em><\/p>\n\n\n\n<p>Funes, viv\u00eda encerrado en sus recuerdos. Reviv\u00eda los detalles una y otra vez en proyectos mentales in\u00fatiles.&nbsp;<strong><em>Hab\u00eda perdido el lujo de olvidar.<\/em><\/strong>&nbsp;Solo Borges pod\u00eda terminar con su sufrimiento, as\u00ed que escribi\u00f3:<\/p>\n\n\n\n<p><em>\u201cPens\u00e9 que cada una de mis palabras (que cada uno de mis gestos) perdurar\u00eda en su implacable memoria; me entorpeci\u00f3 el temor de multiplicar ademanes in\u00fatiles.&nbsp;<strong>Ireneo Funes muri\u00f3 en 1889, de una congesti\u00f3n pulmonar\u201d.<\/strong><\/em><\/p>\n\n\n\n<p>Como en el mundo de Funes, el exceso de informaci\u00f3n que nos inunda debilita nuestra capacidad de pensar con profundidad. Las formas m\u00e1s elevadas de pensamiento, la contemplaci\u00f3n, la reflexi\u00f3n, la introspecci\u00f3n, incluso la respiraci\u00f3n profunda requiere que seamos capaces de eliminar el ruido, las distracciones, las interrupciones y ser capaces de abrazar el silencio. Byung-Chul Han, en una entrevista con&nbsp;<strong><em>El Pa\u00eds<\/em><\/strong>&nbsp;se\u00f1al\u00f3:<\/p>\n\n\n\n<p><strong><em>\u201cNecesitamos que la informaci\u00f3n sea silenciada. De lo contrario, nuestros cerebros explotar\u00e1n.&nbsp;<\/em><\/strong><em>Hoy percibimos el mundo a trav\u00e9s de la informaci\u00f3n. As\u00ed es como perdemos la experiencia de estar presentes. Estamos cada vez m\u00e1s desconectados del mundo. Estamos perdiendo el mundo.&nbsp;<strong>El mundo es m\u00e1s que informaci\u00f3n y la pantalla es una mala representaci\u00f3n del mundo.<\/strong>&nbsp;Giramos en un c\u00edrculo alrededor de nosotros mismos. El tel\u00e9fono inteligente contribuye de manera decisiva a esta mala percepci\u00f3n del mundo.&nbsp;<strong>Un s\u00edntoma fundamental de la depresi\u00f3n es la ausencia del mundo\u201d.<\/strong><\/em><\/p>\n\n\n\n<p><strong><em>El pensamiento profundo es valioso, raro y significativo.<\/em><\/strong>&nbsp;Extraer valor de la informaci\u00f3n, conectar ideas, crear y reflexionar son actividades que a menudo est\u00e1n re\u00f1idas con la aceleraci\u00f3n, la superficialidad y la dispersi\u00f3n. Quian escribe:<\/p>\n\n\n\n<p><strong><em>\u201cEn esta locura de nuestros d\u00edas, las discusiones imaginarias con Borges,<\/em><\/strong><em>&nbsp;<strong>el seguimiento de sus pensamientos y sus lecturas,<\/strong>&nbsp;me dieron la pausa que ven\u00eda necesitando para detenerme a pensar y mirar las cosas en perspectiva\u201d.<\/em><\/p>\n\n\n\n<p>El cerebro humano est\u00e1 dise\u00f1ado para adaptarse a los modos de pensar que practicamos regularmente, por lo que si dejamos de pensar con profundidad perdemos esa habilidad. Los humanos y las tecnolog\u00edas estamos vinculados. Incluso si consideramos que una tecnolog\u00eda es indeseable, no podemos ignorarla. La tecnolog\u00eda est\u00e1 ah\u00ed, y eso nos hace responsables.&nbsp;<strong><em>Si decidimos delegar progresivamente m\u00e1s actividades a las m\u00e1quinas, corremos el riesgo de menoscabar las cualidades m\u00e1s destacadas de la naturaleza humana.<\/em><\/strong>&nbsp;Byung-Chul Han, en su libro&nbsp;<strong>\u2018<em>Por favor, cierra los ojos\u2019<\/em><\/strong>&nbsp;advierte:<\/p>\n\n\n\n<p><strong><em>\u201cLa masa de informaci\u00f3n acelerada ahoga el pensamiento.<\/em><\/strong><em>&nbsp;Tambi\u00e9n el pensamiento necesita un silencio. Hay que poder cerrar los ojos\u201d.<\/em><\/p>\n\n\n\n<p>El 17 de mayo de 2024, tres d\u00edas antes que Microsoft anunciara su funci\u00f3n&nbsp;<strong><em>Recall<\/em><\/strong>&nbsp;para&nbsp;<strong><em>Copilot+ PCs<\/em><\/strong>, Gordon Bell el protagonista del proyecto&nbsp;<strong><em>MyLifeBits&nbsp;<\/em><\/strong>falleci\u00f3. Antes de morir le dijo a su familia:<\/p>\n\n\n\n<p><em>\u201cLos viejos pioneros de las computadoras nunca mueren, simplemente pierden sus bits f\u00edsicos\u201d.<\/em><\/p>\n\n\n\n<p><strong><em>Bell, muri\u00f3 de neumon\u00eda, ten\u00eda 89 a\u00f1os.<\/em><\/strong><\/p>\n","protected":false},"excerpt":{"rendered":"<p>\u201cQuiero almacenar para siempre todo lo que he visto, escuchado o hecho\u201d.&nbsp;As\u00ed describi\u00f3 el experto inform\u00e1tico Gordon Bell, un proyecto experimental que comenz\u00f3 en 1998 para demostrar que se pod\u00eda digitalizar toda una vida. El proyecto se llam\u00f3&nbsp;MyLifeBits. La idea era registrar en formato digital la mayor cantidad de informaci\u00f3n de las personas. Quer\u00eda probar los l\u00edmites acerca de cu\u00e1nta [&hellip;]<\/p>\n","protected":false},"author":1,"featured_media":1097,"comment_status":"open","ping_status":"open","sticky":false,"template":"","format":"standard","meta":[],"categories":[431,34,158,30,412,226,109,28,409,48,332,52,160,58,138,110,266,155,126,156,429,45,31,86,420,152,92,125,324,19,84,106,421,426,240,85,408,76,59,53,269,321],"tags":[],"_links":{"self":[{"href":"https:\/\/www.imagen.cl\/blog\/index.php\/wp-json\/wp\/v2\/posts\/1096"}],"collection":[{"href":"https:\/\/www.imagen.cl\/blog\/index.php\/wp-json\/wp\/v2\/posts"}],"about":[{"href":"https:\/\/www.imagen.cl\/blog\/index.php\/wp-json\/wp\/v2\/types\/post"}],"author":[{"embeddable":true,"href":"https:\/\/www.imagen.cl\/blog\/index.php\/wp-json\/wp\/v2\/users\/1"}],"replies":[{"embeddable":true,"href":"https:\/\/www.imagen.cl\/blog\/index.php\/wp-json\/wp\/v2\/comments?post=1096"}],"version-history":[{"count":1,"href":"https:\/\/www.imagen.cl\/blog\/index.php\/wp-json\/wp\/v2\/posts\/1096\/revisions"}],"predecessor-version":[{"id":1098,"href":"https:\/\/www.imagen.cl\/blog\/index.php\/wp-json\/wp\/v2\/posts\/1096\/revisions\/1098"}],"wp:featuredmedia":[{"embeddable":true,"href":"https:\/\/www.imagen.cl\/blog\/index.php\/wp-json\/wp\/v2\/media\/1097"}],"wp:attachment":[{"href":"https:\/\/www.imagen.cl\/blog\/index.php\/wp-json\/wp\/v2\/media?parent=1096"}],"wp:term":[{"taxonomy":"category","embeddable":true,"href":"https:\/\/www.imagen.cl\/blog\/index.php\/wp-json\/wp\/v2\/categories?post=1096"},{"taxonomy":"post_tag","embeddable":true,"href":"https:\/\/www.imagen.cl\/blog\/index.php\/wp-json\/wp\/v2\/tags?post=1096"}],"curies":[{"name":"wp","href":"https:\/\/api.w.org\/{rel}","templated":true}]}}