{"id":1002,"date":"2024-01-29T16:26:58","date_gmt":"2024-01-29T19:26:58","guid":{"rendered":"https:\/\/www.imagen.cl\/blog\/?p=1002"},"modified":"2024-01-29T16:26:58","modified_gmt":"2024-01-29T19:26:58","slug":"no-podia-hacerlo-solo","status":"publish","type":"post","link":"https:\/\/www.imagen.cl\/blog\/index.php\/2024\/01\/29\/no-podia-hacerlo-solo\/","title":{"rendered":"No pod\u00eda hacerlo solo"},"content":{"rendered":"\n<p>Esta semana, Microsoft logr\u00f3 un&nbsp;<strong><em>hito hist\u00f3rico<\/em><\/strong>&nbsp;al alcanzar una valoraci\u00f3n de mercado de 3 billones de d\u00f3lares. Despu\u00e9s de a\u00f1os de depender del \u00e9xito de Windows,&nbsp;<strong><em>con el liderazgo de Satya Nadella<\/em><\/strong>,&nbsp;<strong><em>Microsoft ha experimentado una reinvenci\u00f3n, emergiendo una vez m\u00e1s como un l\u00edder en innovaci\u00f3n tecnol\u00f3gica.<\/em><\/strong>&nbsp;Tras su selecci\u00f3n como CEO del A\u00f1o 2023 por CNN Business, Nadella destac\u00f3:<\/p>\n\n\n\n<p><strong><em>&#8220;No hay duda de que 2023 fue el a\u00f1o de la IA.<\/em><\/strong><em>&nbsp;Ya no hablamos s\u00f3lo de innovaci\u00f3n en abstracto; Estamos viendo ganancias reales en la fabricaci\u00f3n, implementaci\u00f3n y capacidad de productos. Sin embargo, al final del d\u00eda,&nbsp;<strong>esta innovaci\u00f3n s\u00f3lo ser\u00e1 \u00fatil si nos empodera a todos en nuestras carreras, en nuestras comunidades, en nuestros pa\u00edses\u201d.<\/strong><\/em><\/p>\n\n\n\n<p>Bill Gates y Paul Allen fundaron Microsoft en 1975. La visi\u00f3n de Gates&nbsp;<strong><em>&#8220;Una computadora en cada escritorio y en cada hogar&#8221;<\/em><\/strong>, impuls\u00f3 el crecimiento exponencial de Microsoft y once a\u00f1os despu\u00e9s de su fundaci\u00f3n, la empresa sali\u00f3 a bolsa.&nbsp;<strong><em>En 1987, Gates, de 31 a\u00f1os se convirti\u00f3 en el multimillonario m\u00e1s joven del mundo.<\/em><\/strong>&nbsp;Gracias al \u00e9xito de Windows y la impresionante capacidad de Gates, Microsoft se consolid\u00f3 como una gran empresa tecnol\u00f3gica, pero a partir de 1998, comenz\u00f3 a tener problemas.&nbsp;<strong><em>El gobierno de Estados Unidos inici\u00f3 una demanda antimonopolio contra la empresa<\/em><\/strong>, centrada en la dominancia de Windows en el mercado de los computadores personales.&nbsp;<strong><em>Este litigio legal y su impacto en la imagen p\u00fablica llevaron a Gates a dar un paso al costado en el a\u00f1o 2000<\/em><\/strong>, nombrando a Steve Ballmer como el nuevo director ejecutivo. Bajo la direcci\u00f3n de Ballmer, Microsoft experiment\u00f3 una fase caracterizada por&nbsp;<strong><em>errores y fracasos en algunos de sus productos y estrategias.<\/em><\/strong>&nbsp;Ejemplos notables de estos desaciertos incluyen el lanzamiento de Windows Vista, el reproductor de m\u00fasica Zune y la entrada tard\u00eda y poco efectiva en el mercado de la telefon\u00eda m\u00f3vil y smartphones. Ballmer tambi\u00e9n es recordado por sus cr\u00edticas y menosprecio hacia el iPhone de Apple, prediciendo err\u00f3neamente su fracaso comercial.&nbsp;<strong><em>Pasaban los a\u00f1os y Microsoft sobreviv\u00eda gracias a la venta de licencias.<\/em><\/strong>&nbsp;Pero no hab\u00eda innovaci\u00f3n significativa, persist\u00edan los problemas con sus productos y el precio de sus acciones ca\u00eda permanentemente. Javier Recuenco de&nbsp;<strong><em>Singular Solving<\/em><\/strong>&nbsp;se\u00f1ala:<\/p>\n\n\n\n<p><strong><em>\u201cCambian el maquinista un poco m\u00e1s tarde y se van al hoyo.<\/em><\/strong><em>&nbsp;Ballmer era un operador. Funciona muy bien mientras Microsoft ten\u00eda ventaja estrat\u00e9gica.&nbsp;<strong>En el momento en que dej\u00f3 de tenerla, le pasaron varios trenes e hizo predicciones rid\u00edculas\u201d.<\/strong><\/em><\/p>\n\n\n\n<p><strong><em>Hab\u00eda que dar un golpe de tim\u00f3n y Gates opt\u00f3 por Satya Nadella.<\/em><\/strong>&nbsp;Nadella, que se hab\u00eda unido a Microsoft como ingeniero en 1992, hab\u00eda nacido en India en 1967, donde estudi\u00f3 Ingenier\u00eda El\u00e9ctrica. Migr\u00f3 a Estados Unidos a finales de la d\u00e9cada de 1980 para realizar una maestr\u00eda en ciencias de la computaci\u00f3n y luego hacer un MBA. En su libro de 2017&nbsp;<strong><em>HitRefresh: The Quest to Rediscover Microsoft&#8217;s Soul and Imagine a Better Future for Everyone<\/em><\/strong>, Nadella explica el proceso de transformaci\u00f3n que impuls\u00f3 como nuevo l\u00edder de Microsoft. Escribe:<\/p>\n\n\n\n<p><strong><em>\u201c\u00bfC\u00f3mo se conecta el personaje del trabajo con el del resto de la vida?<\/em><\/strong><em>&nbsp;Hab\u00eda estado pensando en mi vida: mi infancia en la India, mi juventud como inmigrante,&nbsp;<strong>como marido y padre de un ni\u00f1o con necesidades especiales<\/strong>, como ingeniero dise\u00f1ando tecnolog\u00edas que llegan a miles de millones de personas por todo el mundo y, s\u00ed, tambi\u00e9n como un apasionado del cr\u00edquet que mucho tiempo atr\u00e1s so\u00f1\u00f3 con ser jugador profesional.&nbsp;<strong>Todas estas partes de m\u00ed convergieron en este nuevo rol, un rol que demandar\u00eda la intervenci\u00f3n de todas mis pasiones, capacidades y valores\u201d.<\/strong><\/em><\/p>\n\n\n\n<p>Nadella estaba convencido de la importancia de tener un prop\u00f3sito inspirador, objetivos significativos y una visi\u00f3n ambiciosa para la empresa. Sin embargo, comprend\u00eda que alcanzar estas metas depend\u00eda en gran medida de contar con la cultura organizacional adecuada.&nbsp;<strong><em>La cultura de Microsoft era dogm\u00e1tica.<\/em><\/strong>&nbsp;Todos quer\u00edan demostrar que lo sab\u00edan todo y que eran las personas m\u00e1s inteligentes del lugar.&nbsp;<strong><em>Nadella decidi\u00f3 cambiar la cultura de Microsoft.<\/em><\/strong>&nbsp;Quer\u00eda que los&nbsp;<strong><em>\u201csabelotodo\u201d<\/em><\/strong>&nbsp;se convirtieran en&nbsp;<strong><em>\u201capr\u00e9ndelo todo\u201d<\/em><\/strong>. La estrategia y la cultura son las palancas principales a disposici\u00f3n de los l\u00edderes en su continua b\u00fasqueda por mantener la viabilidad de sus empresas. Mientras que&nbsp;<strong><em>la estrategia aporta claridad y enfoque a las acciones<\/em><\/strong>&nbsp;colectivas y a la toma de decisiones,&nbsp;<strong><em>la cultura modela c\u00f3mo se ejecutan esas acciones<\/em><\/strong>, y est\u00e1 anclada en comportamientos, mentalidades y patrones sociales. Nadella conect\u00f3 con las personas a nivel humano, promoviendo la&nbsp;<strong><em>empat\u00eda y la humildad.<\/em><\/strong>&nbsp;Su intenci\u00f3n era que Microsoft pasara de una cultura competitiva a una donde el trabajo en equipo impulsara tanto la innovaci\u00f3n como el aprendizaje. En julio de 2014 envi\u00f3 el siguiente correo:<\/p>\n\n\n\n<p><strong><em>\u201cPara acelerar la innovaci\u00f3n, hemos de redescubrir nuestra alma:<\/em><\/strong><em>&nbsp;aquello que nos hace esencialmente \u00fanicos.&nbsp;<strong>Todos hemos de entender y aceptar aquello que solo Microsoft puede aportar a la humanidad y c\u00f3mo podemos cambiar de nuevo el mundo\u201d.<\/strong><\/em><\/p>\n\n\n\n<p><strong><em>Nadella emprendi\u00f3 una detallada revisi\u00f3n interna de los procesos en Microsoft, abordando cada equipo y producto con el objetivo de fomentar una colaboraci\u00f3n m\u00e1s estrecha.<\/em><\/strong>&nbsp;En 2016, estableci\u00f3 una alianza con OpenAI, una empresa entonces emergente especializada en herramientas de inteligencia artificial. Esta colaboraci\u00f3n permiti\u00f3 a OpenAI utilizar los servidores en la nube Azure de Microsoft, mientras que Microsoft obten\u00eda acceso a las herramientas de IA. Como resultado de esta asociaci\u00f3n, y tras una inversi\u00f3n de 13.000 millones de d\u00f3lares, Microsoft lanz\u00f3 versiones impulsadas por IA de sus productos estrella, como Word, PowerPoint y Excel, marcando un avance significativo en la integraci\u00f3n de la inteligencia artificial en sus aplicaciones m\u00e1s populares.&nbsp;<strong><em>Esta estrategia refleja una comprensi\u00f3n profunda del liderazgo, a menudo definido en t\u00e9rminos de influencia, inspiraci\u00f3n y transformaci\u00f3n.<\/em><\/strong>&nbsp;Siguiendo el modelo propuesto por&nbsp;Werner Erhard, Michael Jensen y Kari Granger en&nbsp;<strong><em>Creating Leaders: An Ontological\/Phenomenological Model<\/em><\/strong>,el liderazgo se concibe como:<\/p>\n\n\n\n<p><strong><em>\u201cUn ejercicio de lenguaje que da como resultado la realizaci\u00f3n de un futuro que no iba a suceder sin que se haga algo.<\/em><\/strong><em>&nbsp;Un futuro que cumpla, o contribuya a satisfacer, las necesidades de las partes interesadas\u201d.<\/em><\/p>\n\n\n\n<p>Esta definici\u00f3n, propone que el liderazgo se trata de una narrativa que proyecta un futuro que no existir\u00eda de no ser por la&nbsp;<strong><em>acci\u00f3n intencionada.<\/em><\/strong>&nbsp;Este futuro es inclusivo, ya que tiene en cuenta las inquietudes fundamentales de todos los involucrados. En este contexto, las personas no son meramente seguidores, sino participantes activos cuyas preocupaciones son identificadas y articuladas por el l\u00edder.&nbsp;<strong><em>Esta forma de liderazgo se centra en inspirar un cambio en el pensamiento y en la acci\u00f3n<\/em><\/strong>. En palabras de Nadella:<\/p>\n\n\n\n<p><strong><em>\u201cMi filosof\u00eda personal y mi pasi\u00f3n<\/em><\/strong><em>, desarrollada con el tiempo y a trav\u00e9s de muchas y distintas experiencias, es conectar nuevas ideas con un creciente sentido de empat\u00eda por otras personas.&nbsp;<strong>Las ideas me apasionan. La empat\u00eda me hace realista y me centra\u201d.<\/strong><\/em><\/p>\n\n\n\n<p>James MacGregor Burns introdujo el concepto de liderazgo transformacional. Seg\u00fan Burns, este tipo de liderazgo genera una din\u00e1mica relacional en la que&nbsp;<strong><em>los l\u00edderes y seguidores interact\u00faan para avanzar a un nivel m\u00e1s alto de moral y motivaci\u00f3n<\/em><\/strong>. Bernard Bass, ampliando la teor\u00eda de Burns, se\u00f1ala que los l\u00edderes transformacionales motivan a las personas a redefinir sus expectativas, percepciones y motivaciones a trav\u00e9s de su visi\u00f3n, carisma y ejemplo personal. Estos l\u00edderes trabajan hacia objetivos comunes que van m\u00e1s all\u00e1 del beneficio individual, ofreciendo una misi\u00f3n y visi\u00f3n inspiradoras que otorgan una nueva identidad colectiva. Ronald Riggio en&nbsp;<strong><em>Are You a Transformational Leader<\/em><\/strong>, identifica cuatro caracter\u00edsticas distintivas de los l\u00edderes transformacionales:<\/p>\n\n\n\n<ul><li><strong>Motivaci\u00f3n inspiradora:<\/strong>&nbsp;Los l\u00edderes transformacionales inspiran y motivan a trav\u00e9s de una visi\u00f3n convincente, comunicada efectivamente tanto en palabras como a trav\u00e9s del ejemplo personal. Apelan a la voluntad y determinaci\u00f3n individual, utilizando un lenguaje accesible y ejemplos pr\u00e1cticos.<\/li><li><strong>Estimulaci\u00f3n intelectual<\/strong>: Estos l\u00edderes desaf\u00edan y fomentan la creatividad e innovaci\u00f3n. Invitan a cuestionar el statu quo y aspirar a altos niveles de rendimiento, impulsando constantemente el crecimiento y la superaci\u00f3n.<\/li><li><strong>Influencia idealizada<\/strong>: Se caracterizan por ser \u201cmodelos a seguir\u201d, personificando las cualidades que desean ver en su equipo. Su coherencia entre lo que dicen y hacen genera admiraci\u00f3n y confianza.<\/li><li><strong>Consideraci\u00f3n individualizada:<\/strong>&nbsp;Demuestran un inter\u00e9s genuino por las necesidades y bienestar de cada persona. Esta atenci\u00f3n personalizada fomenta un entorno de seguridad y ayuda a las personas a alcanzar su autorrealizaci\u00f3n.<\/li><\/ul>\n\n\n\n<p>La singularidad de Nadella como l\u00edder se puede comprender a trav\u00e9s de las ideas presentadas por Robert Thomas y Warren Bennis en su art\u00edculo&nbsp;<strong><em>Crucibles of Leadership<\/em><\/strong><strong><em>.&nbsp;<\/em><\/strong>Thomas y Bennis destacan que, aunque muchos pueden poseer inteligencia y visi\u00f3n, son pocos los que inspiran confianza, lealtad y esfuerzo en otros. Ellos identificaron que los l\u00edderes excepcionales comparten una caracter\u00edstica com\u00fan:<\/p>\n\n\n\n<p><strong><em>\u201cExperiencias intensas, a menudo traum\u00e1ticas y siempre inesperadas,<\/em><\/strong><em>&nbsp;que hab\u00edan acabado por convertir en una fuente de fuerza\u201d.<\/em><\/p>\n\n\n\n<p><strong><em>Las habilidades necesarias para conquistar la adversidad y salir de ella m\u00e1s fuerte y con m\u00e1s motivaci\u00f3n que nunca son las mismas habilidades que conforman el liderazgo excepcional.&nbsp;<\/em><\/strong>En palabras de Thomas y Bennis:<\/p>\n\n\n\n<p><strong><em>\u201cLa vida nos pone a prueba a todos<\/em><\/strong><em>, pero son muy pocas las personas que logran extraer fuerza y sabidur\u00eda de las experiencias m\u00e1s dif\u00edciles.&nbsp;<strong>A esas personas se les conoce como l\u00edderes\u201d.<\/strong><\/em><\/p>\n\n\n\n<p>En 1996, Nadella con 29 a\u00f1os y su esposa Anu de 25, esperaban a su primer hijo. En la semana treinta y seis del embarazo, frente a se\u00f1ales de asfixia, los m\u00e9dicos realizaron una ces\u00e1rea de emergencia. Naci\u00f3 Zain. No llor\u00f3. Nadella escribe:<\/p>\n\n\n\n<p><strong><em>\u201cZain necesitar\u00eda una silla de ruedas y depender\u00eda de nosotros debido a una par\u00e1lisis cerebral severa.<\/em><\/strong><em>&nbsp;Estaba devastado. Pero sobre todo estaba triste por c\u00f3mo resultaron las cosas para Anu y para m\u00ed\u201d.<\/em><\/p>\n\n\n\n<p><strong><em>La resiliencia es, sencillamente, la perseverancia y la fortaleza necesarias para superar circunstancias devastadoras sin perder la esperanza.<\/em><\/strong>&nbsp;La resiliencia es el arte de sobrevivir en aguas turbulentas. Nadella escribe:<\/p>\n\n\n\n<p><strong><em>\u201cDecir que ese per\u00edodo fue dif\u00edcil es quedarse corto.<\/em><\/strong><em>&nbsp;Sin embargo, una de las cosas que recuerdo m\u00e1s claramente es c\u00f3mo la reacci\u00f3n de Anu ante el nacimiento de Zain fue inmediatamente tan diferente a la m\u00eda. Para Anu, nunca se trat\u00f3 de lo que esto significaba para ella; siempre se trataba de lo que significaba para Zain y de c\u00f3mo podr\u00edamos cuidarlo mejor.&nbsp;<strong>En lugar de preguntar &#8220;\u00bfpor qu\u00e9 nosotros?&#8221; Ella instintivamente sinti\u00f3 su dolor antes que el suyo.\u201d<\/strong><\/em><\/p>\n\n\n\n<p>Como tecn\u00f3logo, Nadella hab\u00eda visto que la inform\u00e1tica pod\u00eda desempe\u00f1ar un papel crucial en la mejora de la calidad de vida de las personas. A Zain le encantaba la m\u00fasica, el problema era que&nbsp;<strong><em>no pod\u00eda hacerlo solo<\/em><\/strong>, siempre ten\u00eda que esperar que alguien le ayudara. Tres alumnos de secundaria que estudiaban inform\u00e1tica se enteraron del problema y quisieron ayudar.&nbsp;<strong><em>Desarrollaron un sensor a un lado de su silla de ruedas,<\/em><\/strong>&nbsp;que se puede accionar f\u00e1cilmente con la cabeza. La empat\u00eda de unos adolescentes, unida a las nuevas tecnolog\u00edas, hab\u00edan mejorado la calidad de vida de Zain. Nadella comenta:<\/p>\n\n\n\n<p><strong><em>\u201c\u00a1Qu\u00e9 libertad y felicidad ha tra\u00eddo a mi hijo<\/em><\/strong><em>&nbsp;la empat\u00eda de tres adolescentes!\u201d.<\/em><\/p>\n\n\n\n<p>Un trauma nos arrastra a una direcci\u00f3n a la que nunca nos hubiera gustado ir.&nbsp;<strong><em>La corriente nos lleva dando tumbos y golpes a una cascada de muerte,<\/em><\/strong>&nbsp;pero el resiliente es capaz de recurrir a todos sus recursos internos para luchar y no dejarse arrastrar por la corriente,&nbsp;<strong><em>hasta el momento en que aparece una mano que ofrece ayuda, un recurso externo que nos permite salir airosos.<\/em><\/strong>&nbsp;Nadella escribe:<\/p>\n\n\n\n<p><strong><em>\u201cConvertirme en padre de un hijo con necesidades especiales fue el punto de inflexi\u00f3n en mi vida que ha dado forma a lo que soy hoy.<\/em><\/strong><em>&nbsp;Me ha ayudado a comprender mejor el viaje de las personas con discapacidad. Ha dado forma a mi pasi\u00f3n personal y mi filosof\u00eda de conectar nuevas ideas con la empat\u00eda por los dem\u00e1s\u201d.<\/em><\/p>\n\n\n\n<p>Zain, falleci\u00f3 en febrero de 2022 a la edad de 26 a\u00f1os. Los l\u00edderes excepcionales, son capaces de aprender de sus experiencias traum\u00e1ticas en lugar de sucumbir a ellas, e identificar oportunidades en circunstancias en las que cualquier otra persona perder\u00eda toda esperanza.&nbsp;<strong><em>El desaf\u00edo del l\u00edder es conectar los valores por los que vivimos como individuos con lo que la empresa es capaz de hacer.<\/em><\/strong>&nbsp;Esta es la verdadera esencia del liderazgo. Nadella escribe:<\/p>\n\n\n\n<p><strong><em>\u201cA medida que tengamos m\u00e1s y m\u00e1s inteligencia artificial, la inteligencia real, la empat\u00eda real y el sentido com\u00fan real ser\u00e1n cualidades m\u00e1s escasas.&nbsp;<\/em><\/strong><em>Los nuevos trabajos se basar\u00e1n en saber trabajar con las m\u00e1quinas, pero tambi\u00e9n en estas&nbsp;<strong>cualidades exclusivamente humanas\u201d.<\/strong><\/em><\/p>\n","protected":false},"excerpt":{"rendered":"<p>Esta semana, Microsoft logr\u00f3 un&nbsp;hito hist\u00f3rico&nbsp;al alcanzar una valoraci\u00f3n de mercado de 3 billones de d\u00f3lares. Despu\u00e9s de a\u00f1os de depender del \u00e9xito de Windows,&nbsp;con el liderazgo de Satya Nadella,&nbsp;Microsoft ha experimentado una reinvenci\u00f3n, emergiendo una vez m\u00e1s como un l\u00edder en innovaci\u00f3n tecnol\u00f3gica.&nbsp;Tras su selecci\u00f3n como CEO del A\u00f1o 2023 por CNN Business, Nadella destac\u00f3: &#8220;No hay duda de [&hellip;]<\/p>\n","protected":false},"author":1,"featured_media":1003,"comment_status":"open","ping_status":"open","sticky":false,"template":"","format":"standard","meta":[],"categories":[34,158,30,285,242,405,109,127,28,48,332,334,64,52,147,160,402,313,327,6,18,323,278,33,50,90,108,58,328,241,267,138,110,266,403,126,98,37,407,317,227,31,320,216,243,214,152,211,159,284,324,19,319,84,119,224,335,304,47,240,85,408,76,59,406,53,287,269,101,51,321],"tags":[],"_links":{"self":[{"href":"https:\/\/www.imagen.cl\/blog\/index.php\/wp-json\/wp\/v2\/posts\/1002"}],"collection":[{"href":"https:\/\/www.imagen.cl\/blog\/index.php\/wp-json\/wp\/v2\/posts"}],"about":[{"href":"https:\/\/www.imagen.cl\/blog\/index.php\/wp-json\/wp\/v2\/types\/post"}],"author":[{"embeddable":true,"href":"https:\/\/www.imagen.cl\/blog\/index.php\/wp-json\/wp\/v2\/users\/1"}],"replies":[{"embeddable":true,"href":"https:\/\/www.imagen.cl\/blog\/index.php\/wp-json\/wp\/v2\/comments?post=1002"}],"version-history":[{"count":1,"href":"https:\/\/www.imagen.cl\/blog\/index.php\/wp-json\/wp\/v2\/posts\/1002\/revisions"}],"predecessor-version":[{"id":1004,"href":"https:\/\/www.imagen.cl\/blog\/index.php\/wp-json\/wp\/v2\/posts\/1002\/revisions\/1004"}],"wp:featuredmedia":[{"embeddable":true,"href":"https:\/\/www.imagen.cl\/blog\/index.php\/wp-json\/wp\/v2\/media\/1003"}],"wp:attachment":[{"href":"https:\/\/www.imagen.cl\/blog\/index.php\/wp-json\/wp\/v2\/media?parent=1002"}],"wp:term":[{"taxonomy":"category","embeddable":true,"href":"https:\/\/www.imagen.cl\/blog\/index.php\/wp-json\/wp\/v2\/categories?post=1002"},{"taxonomy":"post_tag","embeddable":true,"href":"https:\/\/www.imagen.cl\/blog\/index.php\/wp-json\/wp\/v2\/tags?post=1002"}],"curies":[{"name":"wp","href":"https:\/\/api.w.org\/{rel}","templated":true}]}}