{"id":877,"date":"2023-07-10T11:28:45","date_gmt":"2023-07-10T14:28:45","guid":{"rendered":"http:\/\/www.imagen.cl\/blog\/?p=877"},"modified":"2023-07-10T11:28:45","modified_gmt":"2023-07-10T14:28:45","slug":"heroica","status":"publish","type":"post","link":"http:\/\/www.imagen.cl\/blog\/index.php\/2023\/07\/10\/heroica\/","title":{"rendered":"Heroica"},"content":{"rendered":"\n<p>Ludwig van Beethoven naci\u00f3 en 1770 en Bonn en la actual Alemania, ciudad que por aquel entonces era la sede del arzobispado de Colonia, un principado eclesi\u00e1stico del Sacro Imperio Romano Germ\u00e1nico. Desde ni\u00f1o su talento para la m\u00fasica era extraordinario.&nbsp;<strong><em>Su padre, un borracho violento lo obligaba a estudiar piano durante largas horas<\/em><\/strong>&nbsp;y lo forz\u00f3 todo lo posible para que destacara y trajera dinero a casa. Quer\u00eda hacer de \u00e9l un nuevo Mozart y lo promocionaba como un&nbsp;<strong><em>ni\u00f1o prodigio.<\/em><\/strong><\/p>\n\n\n\n<p>La ciudad en que creci\u00f3 Beethoven era un centro intelectual liberal, su vecindad con Francia constitu\u00edan ventajas para que circularan las ideas de Schiller, Goethe, Kant, Rousseau, Voltaire y Montesquieu. Por las calles de Bonn, no era extra\u00f1o o\u00edr hablar franc\u00e9s.&nbsp;<strong><em>Los Beethoven eran plebeyos.<\/em><\/strong>&nbsp;La educaci\u00f3n que recibi\u00f3 Beethoven estaba centrada en la m\u00fasica, por suerte, su padre conoc\u00eda sus limitaciones como profesor, y recurri\u00f3 a otros maestros para formar a su talentoso hijo. Afortunadamente a los diez a\u00f1os, Beethoven fue acogido por Christian Gottlob Neefe, quien ser\u00eda su maestro m\u00e1s importante en Bonn. Neefe era un m\u00fasico vers\u00e1til, que, adem\u00e1s de organista, dirig\u00eda coros, montaba \u00f3peras y daba clases. El progreso que realiz\u00f3 su nuevo alumno fue tan r\u00e1pido y sorprendente que ya a los doce a\u00f1os comenz\u00f3 a escribir m\u00fasica. Neefe escribi\u00f3 en la&nbsp;<strong><em>Revista de M\u00fasica<\/em><\/strong>&nbsp;acerca de su pupilo:<\/p>\n\n\n\n<blockquote class=\"wp-block-quote\"><p><em>Si contin\u00faa as\u00ed, como ha comenzado, se convertir\u00e1 seguramente en un segundo Wolfgang Amadeus Mozart.<\/em><\/p><\/blockquote>\n\n\n\n<p>Beethoven reemplazaba a su maestro como tecladista, y con regularidad acompa\u00f1aba a cantantes y misas al \u00f3rgano, e interpretaba la viola con la orquesta de la corte.&nbsp;<strong><em>La influencia de Neefe en Beethoven excedi\u00f3 lo estrictamente musical, ya que represent\u00f3 una figura paterna y le transmiti\u00f3 ideas pol\u00edticas y sociales&nbsp;<\/em><\/strong>como la consecuci\u00f3n de la fraternidad universal a trav\u00e9s de la igualdad, la libertad y la oposici\u00f3n a cualquier tiran\u00eda. La juventud de Beethoven estuvo marcada por la precariedad econ\u00f3mica. Adem\u00e1s de trabajar para la Corte, daba clases particulares, sobre todo a los alumnos que su padre perd\u00eda por sus borracheras. Entre todas esas dificultades, su madre enferm\u00f3 de tuberculosis y muri\u00f3 con solo 40 a\u00f1os. Eso hundi\u00f3 a\u00fan m\u00e1s a la familia, an\u00edmica y financieramente.&nbsp;<strong><em>Con apenas 18 a\u00f1os, Beethoven se hizo cargo de la familia para cuidar a sus dos hermanos y evitar que su padre se gastara todo en alcohol.<\/em><\/strong><\/p>\n\n\n\n<p>En 1789, se inscribi\u00f3 en un curso de Literatura Alemana en la Universidad de Bonn, donde entr\u00f3 en contacto con los ideales de la Revoluci\u00f3n Francesa que estall\u00f3 en julio y de los que luego se manifest\u00f3 defensor. Con casi 22 a\u00f1os y gracias a la mediaci\u00f3n de sus mecenas se traslad\u00f3 a Viena, para convertirse en pupilo de Joseph Haydn.&nbsp;<strong><em>La corte, la nobleza y la Iglesia vienesas acogieron la m\u00fasica de Beethoven<\/em><\/strong>&nbsp;y se convirtieron en sus protectores. Eran frecuentes las disputas entre estos estamentos y el joven m\u00fasico, debido a su car\u00e1cter fuerte e impulsivo, pero este hecho le hizo granjearse un gran respeto en la ciudad.&nbsp;<strong><em>Beethoven era consciente que un m\u00fasico siempre necesitaba a los mecenas, pero deseaba mantener su independencia creativa.<\/em><\/strong>&nbsp;Algo muy dif\u00edcil para los compositores de la \u00e9poca. Ya que el prop\u00f3sito de la m\u00fasica estaba al servicio de exaltar la pomposidad de las celebraciones de la aristocracia y del clero.<\/p>\n\n\n\n<p>En 1795 Beethoven empez\u00f3 a dar sus primeros conciertos p\u00fablicos y su fama como virtuoso del piano se propag\u00f3 por toda Viena. Particip\u00f3 y gan\u00f3 en un notorio&nbsp;<strong><em>duelo de piano<\/em><\/strong>&nbsp;contra el virtuoso Joseph W\u00f6lfl; y al a\u00f1o siguiente triunf\u00f3 de manera similar contra Daniel Steibelt. Poco despu\u00e9s de su debut, public\u00f3 la primera de sus composiciones con gran \u00e9xito financiero. Sigui\u00f3 componiendo, y en 1796, ampli\u00f3 sus horizontes e hizo una gira por Europa con gran \u00e9xito. Un horizonte brillante parec\u00eda abrirse para&nbsp;<strong><em>el genio plebeyo<\/em><\/strong>, como lo calific\u00f3 Stravinski.&nbsp;<strong><em>Sin embargo, el destino ten\u00eda preparado un gran giro para su vida.<\/em><\/strong><\/p>\n\n\n\n<p><strong><em>Con cerca de 27 a\u00f1os, comenzaron los s\u00edntomas.<\/em><\/strong>&nbsp;Empez\u00f3 a o\u00edr zumbidos en sus o\u00eddos. Su sordera incipiente no le impidi\u00f3 continuar con sus clases, conciertos y composici\u00f3n. Aunque hab\u00eda intentado disimularlo, con el cambio de siglo, por fin se atrevi\u00f3 a confesar sus problemas de audici\u00f3n a sus amigos m\u00e1s cercanos. Se estaba quedando sordo,&nbsp;<strong><em>era un m\u00fasico que se estaba quedando sordo<\/em><\/strong>. Su frustraci\u00f3n era enorme.&nbsp;<strong><em>Pese a seguir numerosos tratamientos, nada funcionaba.<\/em><\/strong>&nbsp;Se desesper\u00f3, y&nbsp;<strong><em>la depresi\u00f3n lo inund\u00f3<\/em><\/strong>&nbsp;de tal manera que, con 31 a\u00f1os, escribi\u00f3 una carta a sus dos hermanos, carta que nunca lleg\u00f3 a enviar, y que posteriormente se conocer\u00eda como el&nbsp;<strong><em>Testamento de Heiligenstadt<\/em><\/strong>. En este escrito habla de su enfermedad, desde un estado que refleja su tristeza, depresi\u00f3n y frustraci\u00f3n. Escribi\u00f3:<\/p>\n\n\n\n<blockquote class=\"wp-block-quote\"><p><em>Oh, hombres que me juzg\u00e1is odioso, testarudo o mis\u00e1ntropo, \u00a1qu\u00e9 equivocados est\u00e1is!\u00a0<strong>Hace ya seis a\u00f1os que me he visto golpeado por una dolencia incurable, agravada por m\u00e9dicos incapaces&#8230;<\/strong>\u00a0Decepcionado a\u00f1o tras a\u00f1o con la esperanza de una recuperaci\u00f3n. Y finalmente obligado a enfrentar una enfermedad cr\u00f3nica, cuya cura, si es posible, llevar\u00eda a\u00f1os. No me era posible decir a los hombres:\u00a0<strong>&#8216;Hablad m\u00e1s fuerte, gritad, porque soy sordo&#8217;<\/strong>.\u00a0<strong>\u00a1C\u00f3mo poder confesar la debilidad de un sentido que en m\u00ed deber\u00eda existir en un estado de mayor perfecci\u00f3n que en los dem\u00e1s!\u00a0<\/strong>Estos incidentes me llevaron al borde de la desesperaci\u00f3n, y\u00a0<strong>poco ha faltado para poner fin a mi vida, solo el arte me ha salvado.<\/strong>\u00a0Ah,\u00a0<strong>me parec\u00eda imposible dejar el mundo antes de haber dado todo lo que yo sent\u00eda que estaba llamado a dar<\/strong>, y as\u00ed he soportado esta existencia miserable, verdaderamente miserable, con un cuerpo tan sensible al que todo cambio un poco brusco puede hacer pasar del mejor al peor estado de salud.<\/em><\/p><\/blockquote>\n\n\n\n<p>Beethoven escribi\u00f3 esta desgarradora carta de despedida, en que expresa&nbsp;<strong><em>su desesperanza y los motivos de su angustia existencial<\/em><\/strong>. No quiere que le recuerden como un mis\u00e1ntropo.&nbsp;<strong><em>Expuso toda su alma y sus pensamientos m\u00e1s profundos<\/em><\/strong>, abordando c\u00f3mo lo asediaba la sordera y c\u00f3mo eso explicaba su comportamiento err\u00e1tico. Confiesa su amor por la humanidad y que lo \u00fanico que lo ha mantenido vivo, es su firme prop\u00f3sito de escribir tanta m\u00fasica como le fuera posible.&nbsp;<strong><em>Sorprendentemente, escribir estas l\u00edneas fue su terapia. Pudo abandonar la idea de s\u00ed mismo como ese int\u00e9rprete extraordinario.<\/em><\/strong>&nbsp;En paralelo, en su mente, comenzaron a fraguarse nuevas ideas.&nbsp;<strong><em>Surgieron los primeros bosquejos de una nueva obra que cambiar\u00eda la m\u00fasica<\/em><\/strong>, una sinfon\u00eda que cambiar\u00eda todo.&nbsp;<strong><em>Beethoven hab\u00eda cambiado, ya no ten\u00eda nada que perder.<\/em><\/strong>&nbsp;Fue capaz de sobreponerse a su destino y frustraci\u00f3n,&nbsp;<strong><em>parec\u00eda resurgir de sus cenizas, de otra forma y con m\u00e1s fuerza que nunca.<\/em><\/strong>&nbsp;Su nueva m\u00fasica, apasionada, tempestuosa, introspectiva, exultante y grandilocuente mostrar\u00eda al mundo su propia alma.&nbsp;<strong><em>Hablar\u00eda sobre su propia grandeza y sus miserias.<\/em><\/strong>&nbsp;En un principio la llam\u00f3&nbsp;<strong><em>Sinfon\u00eda grande intitolata Bonaparte<\/em><\/strong>, ya que consideraba que Napole\u00f3n encarnaba los ideales de la Revoluci\u00f3n Francesa. Sin embargo, cuando se enter\u00f3 que Napole\u00f3n, se hab\u00eda autoproclamado emperador, Beethoven estall\u00f3 en c\u00f3lera.&nbsp;<strong><em>Que quien hab\u00eda sido elegido para liberar al pueblo se hubiera convertido en un vulgar tirano, resultaba totalmente inaceptable para Beethoven<\/em><\/strong>. Seg\u00fan su alumno Ferdinand Ries, Beethoven grit\u00f3:<\/p>\n\n\n\n<blockquote class=\"wp-block-quote\"><p><em>\u00a1As\u00ed que no es m\u00e1s que un simple mortal! Ahora, tambi\u00e9n, pisotear\u00e1 todos los derechos del hombre, complace s\u00f3lo su ambici\u00f3n;\u00a0<strong>\u00a1Ahora se considerar\u00e1 superior a todos los hombres, se convertir\u00e1 en un tirano!<\/strong><\/em><\/p><\/blockquote>\n\n\n\n<p>Beethoven comprendi\u00f3 que Napole\u00f3n no era un ejemplo para seguir. Y tom\u00f3 la decisi\u00f3n de hacer algo que ning\u00fan otro compositor hab\u00eda hecho.&nbsp;<strong><em>Se coloc\u00f3 en el centro mismo de su propia obra y abri\u00f3 su alma.<\/em><\/strong>&nbsp;El tema central de la sinfon\u00eda es el propio artista. Por eso es tan estruendosa, pero es algo nuevo, es el artista como h\u00e9roe. Beethoven, tom\u00f3 la hoja del t\u00edtulo de la sinfon\u00eda, la rompi\u00f3 y la tir\u00f3 al suelo y le cambi\u00f3 el nombre a&nbsp;<strong><em>Heroica<\/em><\/strong>, y como subt\u00edtulo anot\u00f3:<\/p>\n\n\n\n<blockquote class=\"wp-block-quote\"><p><strong><em>Sinfon\u00eda heroica, compuesta para festejar el recuerdo de un gran hombre.<\/em><\/strong><\/p><\/blockquote>\n\n\n\n<p><strong><em>Cada movimiento de la sinfon\u00eda representa uno de los ideales heroicos<\/em><\/strong>&nbsp;que Beethoven cre\u00eda que eran esenciales en un verdadero h\u00e9roe. Muchos de los valores heroicos de esta sinfon\u00eda tienen que ver con superar las adversidades.<\/p>\n\n\n\n<ul><li>El primer movimiento de la sinfon\u00eda se centra en el triunfo del h\u00e9roe sobre la adversidad.<\/li><li>El segundo movimiento se centra en la muerte del h\u00e9roe y la posterior superaci\u00f3n de la p\u00e9rdida.<\/li><li>El tercer movimiento se centra en las aventuras del h\u00e9roe.<\/li><li>El cuarto movimiento se centra en el trabajo del h\u00e9roe para mejorar el mundo en beneficio de la humanidad.<\/li><\/ul>\n\n\n\n<p>En el movimiento final de la sinfon\u00eda,&nbsp;<strong><em>Beethoven retoma la historia de Prometeo<\/em><\/strong>, el tit\u00e1n de la mitolog\u00eda griega, que rob\u00f3 el fuego a los dioses, para compartirlo y beneficiar a la humanidad. Pero que por su acci\u00f3n fue sentenciado por Zeus al tormento eterno en que, atado a una roca, un \u00e1guila le come el h\u00edgado, y al final de cada d\u00eda, el h\u00edgado crece y el \u00e1guila regresa, y as\u00ed contin\u00faa por la eternidad.<\/p>\n\n\n\n<p>En 1804, la obra se estren\u00f3 en un concierto privado en el castillo de Eisenberg, propiedad del pr\u00edncipe Lobkowitz. Antes de comenzar, Beethoven es presentado al conde Dietrichstein, primo del pr\u00edncipe, quien trata de desacreditar al compositor. Ante la pregunta de a qu\u00e9 rango pertenece el compositor, si es&nbsp;<strong><em>terrateniente<\/em><\/strong>, Beethoven le responde:<\/p>\n\n\n\n<blockquote class=\"wp-block-quote\"><p><strong><em>Soy un \u201ccerebroteniente\u201d.<\/em><\/strong><\/p><\/blockquote>\n\n\n\n<p>Beethoven se considera de un valor equiparable al de la nobleza por su condici\u00f3n de creador. Por su aporte a los dem\u00e1s y simplemente por ser un ser humano con sus propias singularidades como ser \u00fanico e inimitable. Esta escena, es representada magistralmente en la pel\u00edcula de 2003&nbsp;<strong><em>Eroica<\/em><\/strong>, dirigida por Simon Cellan Jones, que lleva por lema&nbsp;<strong><em>El d\u00eda que cambi\u00f3 la m\u00fasica para siempre<\/em><\/strong>.<\/p>\n\n\n\n<p><strong><em>Beethoven a partir de esta sinfon\u00eda da prioridad a los sentimientos humanos frente a la pureza de la m\u00fasica.<\/em><\/strong>&nbsp;Se trata de una revoluci\u00f3n liberal. Se incorpora el m\u00e9rito como un valor superior frente al legado de cuna. El pensamiento de Beethoven es una aut\u00e9ntica revoluci\u00f3n. Una verdadera provocaci\u00f3n.&nbsp;<strong><em>Era una insolencia, una desfachatez que un m\u00fasico que hasta ahora simplemente hab\u00eda sido un sirviente de la nobleza o del clero decidiera servir a su esp\u00edritu<\/em><\/strong>, a su ser, y compartir sus propias ideas. Por primera vez un compositor no compon\u00eda para agradar a la nobleza.&nbsp;<strong><em>Beethoven le dijo al mundo que se puede ser noble en virtud de su talento.<\/em><\/strong>&nbsp;Que el m\u00e9rito, es una virtud equiparable al t\u00edtulo nobiliario. Por eso se autodenomina&nbsp;<strong>\u201c<em>cerebroteniente\u201d<\/em>.<\/strong>&nbsp;Una burla frente a los terratenientes. Cuando el pr\u00edncipe Lichnowsky le orden\u00f3 a Beethoven que se sentara al piano a tocar para algunos oficiales franceses, Beethoven se neg\u00f3, se march\u00f3 muy airado del castillo y luego le envi\u00f3 una nota al pr\u00edncipe en la que le dec\u00eda:<\/p>\n\n\n\n<blockquote class=\"wp-block-quote\"><p><em>Pr\u00edncipe, lo que vos sois, lo sois por el azar del nacimiento. Lo que yo soy, lo soy por m\u00ed mismo.\u00a0<strong>Pr\u00edncipes los hay y habr\u00e1 todav\u00eda a millares, pero Beethoven solo hay uno.<\/strong><\/em><\/p><\/blockquote>\n\n\n\n<p>En el momento mismo de su m\u00e1xima desesperaci\u00f3n por la angustia frente a su inminente sordera, su arte lo san\u00f3. En el momento que se le derrumbaron sus h\u00e9roes, asumi\u00f3 el mismo ese lugar. Lo hab\u00eda perdido todo y supo reinventarse y nos dej\u00f3 un legado musical incomparable. Su m\u00fasica se esfuerza por llegar y hablar a todas las personas, no solo a la \u00e9lite.&nbsp;<strong><em>Marc\u00f3 un antes y un despu\u00e9s. Signific\u00f3 en s\u00ed mismo una revoluci\u00f3n.&nbsp;<\/em><\/strong>Para el music\u00f3logo y ensayista Oriol P\u00e9rez Trevi\u00f1o el mensaje de la Heroica es:<\/p>\n\n\n\n<p><em>Convert\u00edos en el nuevo hombre, en h\u00e9roes. Porque&nbsp;<strong>el h\u00e9roe es aquel que descubre su misi\u00f3n en la vida y deja atr\u00e1s todo aquello que parec\u00eda que le hac\u00eda brillar<\/strong>, [..] abandonando aquello que no le permite ir m\u00e1s all\u00e1.<\/em><\/p>\n\n\n\n<p><strong><em>El genio plebeyo, crey\u00f3 y vivi\u00f3 en los valores de la libertad, la igualdad y la fraternidad.<\/em><\/strong>&nbsp;Luego de escuchar el estren\u00f3 de la&nbsp;<strong><em>Heroica<\/em><\/strong>, Joseph Haydn, expres\u00f3:<\/p>\n\n\n\n<blockquote class=\"wp-block-quote\"><p><em>La m\u00fasica a partir de ahora ha cambiado para siempre.<\/em><\/p><\/blockquote>\n","protected":false},"excerpt":{"rendered":"<p>Ludwig van Beethoven naci\u00f3 en 1770 en Bonn en la actual Alemania, ciudad que por aquel entonces era la sede del arzobispado de Colonia, un principado eclesi\u00e1stico del Sacro Imperio Romano Germ\u00e1nico. Desde ni\u00f1o su talento para la m\u00fasica era extraordinario.&nbsp;Su padre, un borracho violento lo obligaba a estudiar piano durante largas horas&nbsp;y lo forz\u00f3 todo lo posible para que [&hellip;]<\/p>\n","protected":false},"author":1,"featured_media":878,"comment_status":"open","ping_status":"open","sticky":false,"template":"","format":"standard","meta":[],"categories":[34,158,30,220,285,242,80,109,127,28,48,332,64,52,147,160,313,327,140,323,278,33,50,90,108,328,267,138,110,266,126,215,15,37,317,227,31,333,320,295,243,214,152,211,159,284,324,19,319,318,84,119,224,83,304,47,240,85,76,53,287,269,101,51,321],"tags":[],"_links":{"self":[{"href":"http:\/\/www.imagen.cl\/blog\/index.php\/wp-json\/wp\/v2\/posts\/877"}],"collection":[{"href":"http:\/\/www.imagen.cl\/blog\/index.php\/wp-json\/wp\/v2\/posts"}],"about":[{"href":"http:\/\/www.imagen.cl\/blog\/index.php\/wp-json\/wp\/v2\/types\/post"}],"author":[{"embeddable":true,"href":"http:\/\/www.imagen.cl\/blog\/index.php\/wp-json\/wp\/v2\/users\/1"}],"replies":[{"embeddable":true,"href":"http:\/\/www.imagen.cl\/blog\/index.php\/wp-json\/wp\/v2\/comments?post=877"}],"version-history":[{"count":1,"href":"http:\/\/www.imagen.cl\/blog\/index.php\/wp-json\/wp\/v2\/posts\/877\/revisions"}],"predecessor-version":[{"id":879,"href":"http:\/\/www.imagen.cl\/blog\/index.php\/wp-json\/wp\/v2\/posts\/877\/revisions\/879"}],"wp:featuredmedia":[{"embeddable":true,"href":"http:\/\/www.imagen.cl\/blog\/index.php\/wp-json\/wp\/v2\/media\/878"}],"wp:attachment":[{"href":"http:\/\/www.imagen.cl\/blog\/index.php\/wp-json\/wp\/v2\/media?parent=877"}],"wp:term":[{"taxonomy":"category","embeddable":true,"href":"http:\/\/www.imagen.cl\/blog\/index.php\/wp-json\/wp\/v2\/categories?post=877"},{"taxonomy":"post_tag","embeddable":true,"href":"http:\/\/www.imagen.cl\/blog\/index.php\/wp-json\/wp\/v2\/tags?post=877"}],"curies":[{"name":"wp","href":"https:\/\/api.w.org\/{rel}","templated":true}]}}