{"id":708,"date":"2022-11-14T11:53:59","date_gmt":"2022-11-14T14:53:59","guid":{"rendered":"http:\/\/www.imagen.cl\/blog\/?p=708"},"modified":"2022-11-14T11:53:59","modified_gmt":"2022-11-14T14:53:59","slug":"ubuntu","status":"publish","type":"post","link":"http:\/\/www.imagen.cl\/blog\/index.php\/2022\/11\/14\/ubuntu\/","title":{"rendered":"Ubuntu"},"content":{"rendered":"\n<p>Desmond Tutu, fue el primer africano negro en ocupar el cargo de arzobispo anglicano en Sud\u00e1frica. Reconocido en 1984 con el Premio Nobel de la Paz, era respetado mundialmente por su lucha incansable por la justicia social.<\/p>\n\n\n\n<p>Tutu, luch\u00f3 toda su vida contra el&nbsp;<em>apartheid,<\/em>&nbsp;sistema de separaci\u00f3n racial institucionalizado en Sud\u00e1frica desde 1948 y formalmente abolido en 1992. Luego sigui\u00f3 combatiendo contra sus secuelas y&nbsp;<strong><em>todo tipo de abusos<\/em><\/strong>. En 2017, a los 86 a\u00f1os de edad, sali\u00f3 a protestar contra el gobierno del entonces presidente Jacob Zuma. En su opini\u00f3n, ning\u00fan gobierno es leg\u00edtimo si no representa bien a todo su pueblo. Dijo:<\/p>\n\n\n\n<blockquote class=\"wp-block-quote\"><p><em>Rezaremos por la ca\u00edda de un gobierno que nos represente mal.<\/em><\/p><\/blockquote>\n\n\n\n<p>Tutu, se sum\u00f3 a campa\u00f1as contra el SIDA, la pobreza, el racismo, la homofobia y la transfobia. Consideraba al Dalai Lama su mejor amigo, y era implacable en su apoyo contra la ocupaci\u00f3n china del T\u00edbet y de la liberaci\u00f3n de Palestina. Su visi\u00f3n era la de un mundo:<\/p>\n\n\n\n<blockquote class=\"wp-block-quote\"><p><em>En el que todos valoren la dignidad humana y nuestra interconexi\u00f3n.<\/em><\/p><\/blockquote>\n\n\n\n<p>Tutu acu\u00f1\u00f3 la expresi\u00f3n&nbsp;<strong><em>naci\u00f3n del Arco Iris<\/em><\/strong>, para describir a Sud\u00e1frica. Un s\u00edmbolo que refleja la diversidad de una naci\u00f3n en la que conviven multitud de razas, culturas y religiones en un desarrollo interdependiente. Rechazaba la idea de que cualquier criterio particular fuera universalmente aplicable. En su opini\u00f3n todas las interpretaciones tienen que ser contextualizadas en relaci\u00f3n con las condiciones socioculturales. Esto incluso lo extend\u00eda a la religi\u00f3n. Se desmarc\u00f3 abiertamente de la jerarqu\u00eda eclesi\u00e1stica para defender posiciones como la eutanasia y los derechos de los homosexuales. Escribi\u00f3 en&nbsp;<strong><em>The Washington Post<\/em><\/strong>&nbsp;en 2016:<\/p>\n\n\n\n<blockquote class=\"wp-block-quote\"><p><em>Me he preparado para mi muerte y he dejado claro que no quiero ser mantenido vivo a cualquier costo. Espero ser tratado con compasi\u00f3n y que se me permita pasar a la siguiente etapa de la vida de la forma que yo elija.<\/em><\/p><\/blockquote>\n\n\n\n<p>Cuando su hija Mpho anunci\u00f3 que era gay y la Iglesia le neg\u00f3 el matrimonio con otra persona del mismo sexo. Tutu se\u00f1al\u00f3:<\/p>\n\n\n\n<blockquote class=\"wp-block-quote\"><p><em>\u00bfQu\u00e9 diablos pasa con las iglesias? \u00bfC\u00f3mo es posible luchar contra el racismo y no contra la homofobia? La orientaci\u00f3n sexual no se elige. Los negros no elegimos ser negros; los homosexuales, tampoco. No adorar\u00eda a un Dios hom\u00f3fobo y as\u00ed es como lo siento. Rechazar\u00eda ir a un cielo hom\u00f3fobo. Dir\u00eda: No, lo siento, prefiero ir a otro sitio.<\/em><\/p><\/blockquote>\n\n\n\n<p>Luego del triunfo del&nbsp;<em>Congreso Nacional Africano<\/em>, Mandela solicit\u00f3 a Tutu, presidir la&nbsp;<em>Comisi\u00f3n de Verdad y Reconciliaci\u00f3n<\/em>. El objetivo era dar a quienes hab\u00edan cometido abusos contra los derechos humanos la oportunidad de confesar, ofrecer una amnist\u00eda legal a quienes lo merecieran y permitir a los perpetradores reparar a sus v\u00edctimas. Tutu, abogaba por una&nbsp;<strong><em>justicia restaurativa<\/em><\/strong>, basada en una idea tradicional de la jurisprudencia africana, expresada en una palabra de las lenguas bant\u00faes:&nbsp;<strong><em>Ubuntu<\/em><\/strong>.<\/p>\n\n\n\n<p><em>Siempre he dicho que la idea y la pr\u00e1ctica del Ubuntu es uno de los mejores regalos que \u00c1frica le ha hecho al mundo.<\/em><\/p>\n\n\n\n<p>Hay muchas definiciones de lo que es&nbsp;<em>Ubuntu.&nbsp;<\/em>El concepto se explica mediante aforismos, an\u00e9cdotas y proverbios. Refiere a la esencia de la humanidad. Es la ra\u00edz de una cosmovisi\u00f3n africana que describe como los seres humanos nos hacemos humanos. No nacemos humanos, nos convertimos en humanos en la convivencia con otros:<\/p>\n\n\n\n<blockquote class=\"wp-block-quote\"><p><em>Una persona es una persona a trav\u00e9s de otras personas.<\/em><\/p><\/blockquote>\n\n\n\n<p>Seg\u00fan el&nbsp;<em>Ubuntu<\/em>, nos definimos a trav\u00e9s de la comunidad. Su salud es la nuestra, su felicidad es la nuestra, sus intereses son los nuestros. Si los dem\u00e1s est\u00e1n heridos o enfermos, nosotros tambi\u00e9n. El \u00e9nfasis se pone en lo comunitario y no en lo individual. Existimos, a trav\u00e9s, de las personas. El fil\u00f3sofo sudafricano Johann Broodryk describe el&nbsp;<em>Ubuntu<\/em>&nbsp;as\u00ed:<\/p>\n\n\n\n<blockquote class=\"wp-block-quote\"><p><em>Una exhaustiva y antigua visi\u00f3n africana del mundo basada en los valores profundos de la condici\u00f3n humana: afecto, uso compartido, respeto, compasi\u00f3n y virtudes asociadas, lo que garantiza una vida comunitaria humana feliz y de calidad en el esp\u00edritu de la familia.<\/em><\/p><\/blockquote>\n\n\n\n<p>Tal como escribi\u00f3 el fil\u00f3sofo y te\u00f3logo keniano John S. Mbiti, no estamos solos en el mundo, somos solo una peque\u00f1\u00edsima parte de un todo mucho mayor. En sus palabras:<\/p>\n\n\n\n<blockquote class=\"wp-block-quote\"><p><strong><em>El individuo no existe ni puede existir solo<\/em><\/strong><em>\u2026 Debe su existencia a otras personas, tanto las contempor\u00e1neas como las de generaciones anteriores. Es simplemente parte del todo\u2026 Lo que le pase al individuo le pasa al grupo entero, y lo que le pase al grupo le pasa al individuo. El individuo solo puede decir:\u00a0<strong>\u00abSoy porque somos; y como somos, soy\u00bb.<\/strong><\/em><\/p><\/blockquote>\n\n\n\n<p>A las personas no les debemos solo cosas; les debemos tambi\u00e9n toda nuestra existencia. Pensar as\u00ed, cambia completamente nuestro enfoque de la vida. Para los seguidores del&nbsp;<em>Ubuntu<\/em>, nuestra existencia est\u00e1 supeditada a la existencia de los dem\u00e1s. En 2006, se pidi\u00f3 a Mandela que definiera&nbsp;<em>Ubuntu<\/em>&nbsp;y dijo:<\/p>\n\n\n\n<blockquote class=\"wp-block-quote\"><p><em>En el pasado, cuando \u00e9ramos j\u00f3venes, si un viajero extranjero llegaba a nuestro pueblo, no ten\u00eda que pedir comida ni agua. En cuanto llegaba, la gente le daba comida y le ayudaba. Este es un aspecto del Ubuntu.<\/em><\/p><\/blockquote>\n\n\n\n<p>En el funeral de Nelson Mandela, Barack Obama se\u00f1al\u00f3:<\/p>\n\n\n\n<blockquote class=\"wp-block-quote\"><p><em>Hay una palabra en Sud\u00e1frica, Ubuntu, una palabra que captura el mayor regalo de Mandela: el reconocimiento de que todos estamos unidos en formas que son invisibles para el ojo; que hay una unidad de la humanidad; que logremos nosotros mismos compartir con otros, y cuidar a los que nos rodean.<\/em><\/p><\/blockquote>\n\n\n\n<p>La crisis extrema que atraves\u00f3 Sud\u00e1frica requer\u00eda un plan y una pol\u00edtica de reconciliaci\u00f3n nacional. Era urgente que el fin del&nbsp;<em>apartheid<\/em>&nbsp;no se tradujera en un ciclo de venganza y violencia terminal. El&nbsp;<em>Ubuntu<\/em>&nbsp;\u00e9tico de Tutu, y el&nbsp;<em>Ubuntu<\/em>&nbsp;pol\u00edtico de Mandela, dieron una orientaci\u00f3n. En \u00faltima instancia:<\/p>\n\n\n\n<blockquote class=\"wp-block-quote\"><p><em>Ubuntu era una forma de mejorar la comunidad.<\/em><\/p><\/blockquote>\n\n\n\n<p>Souleymane Bachir Diagne, es uno de los pensadores m\u00e1s originales de la actualidad. Formado entre distintas culturas, lenguas y disciplinas, naci\u00f3 en Senegal en la tradici\u00f3n del islam suf\u00ed, defendi\u00f3 una tesis en filosof\u00eda de las matem\u00e1ticas en Par\u00eds y actualmente es profesor en la Universidad de Columbia en Nueva York. En su art\u00edculo&nbsp;<strong><em>Ubuntu, nite et humanisme&nbsp;<\/em><\/strong>se\u00f1ala:<\/p>\n\n\n\n<blockquote class=\"wp-block-quote\"><p><em>Ubuntu es un movimiento que ahora debe continuar para luchar contra las desigualdades y promover la justicia social. Unir a la humanidad y juntos habitar la tierra, requiere cuidarla. Lo que se traduce en una experiencia humana universal, una que nos ayude a comprender y reconocer que, s\u00ed, en verdad, es a trav\u00e9s de los dem\u00e1s y gracias a los dem\u00e1s que alcanzaremos nuestro destino com\u00fan.<\/em><\/p><\/blockquote>\n\n\n\n<p>El uso de una palabra es lo que determina su significado particular y la convierte en un concepto. En la serie documental de Netflix&nbsp;<strong><em>The Playbook<\/em><\/strong>, en cada episodio un entrenador de diferentes disciplinas deportivas, muestra el enfoque que le permiti\u00f3 alcanzar el \u00e9xito en su campo profesional. \u201cDoc\u201d Rivers, entrenador en la NBA de los Boston Celtics, narra como incorpor\u00f3 el concepto de&nbsp;<em>Ubuntu<\/em>, cuando asumi\u00f3 la tarea de&nbsp;<strong><em>formar un equipo<\/em><\/strong>&nbsp;a partir de un&nbsp;<strong><em>grupo de estrellas<\/em><\/strong>. Les dijo a sus estrellas, que no pod\u00edan ser exitosos como equipo hasta que cada persona jugara para los dem\u00e1s. As\u00ed explic\u00f3 el concepto:<\/p>\n\n\n\n<blockquote class=\"wp-block-quote\"><p><em>Ubuntu es la esencia del ser humano. Un ser humano solitario es una contradicci\u00f3n. Debo aprender de otros seres humanos. Una persona es una persona a trav\u00e9s de otra persona. No puedo ser lo que podr\u00eda ser, a menos que tu seas lo que podr\u00edas ser. Nunca me sentir\u00e9 amenazado por ti porque seas bueno.\u00a0<strong>Porque cuanto mejor seas, mejor ser\u00e9.<\/strong><\/em><\/p><\/blockquote>\n\n\n\n<p>Esta fue la forma que encontr\u00f3 Rivers para que cada jugador alcanzara la plenitud de su talento, y como equipo ganaran el campeonato. Fue, de hecho, una excelente aplicaci\u00f3n pr\u00e1ctica al lenguaje de los deportes, de la idea de alcanzar nuestra propia humanidad mientras florece nuestra humanidad compartida.<\/p>\n\n\n\n<p>Michael Schur, en su libro&nbsp;<strong><em>How to Be Perfect: The Correct Answer to Every Moral<\/em><\/strong>, explica que la pandemia fue un escenario ideal para ilustrar lo disruptivo de este concepto en nuestra cultura individualista. Durante el primer a\u00f1o en muchos pa\u00edses occidentales:&nbsp;<strong><em>nadie quer\u00eda llevar mascarilla<\/em><\/strong>.<\/p>\n\n\n\n<p><em>Muchos dec\u00edan que llevar mascarilla era una forma de opresi\u00f3n, afectaba nuestros derechos y no nos pod\u00edan obligar a cumplir esa norma [\u2026] Sin embargo, para un practicante del Ubuntu, la principal funci\u00f3n de las mascarillas no es protegernos nosotros sino m\u00e1s bien proteger a los dem\u00e1s por si estamos enfermos.&nbsp;<strong>Las mascarillas son encarnaciones f\u00edsicas del Ubuntu.<\/strong><\/em><\/p>\n\n\n\n<p>Nuestra cultura occidental incentiva el individualismo como una forma de vida en la que todo se puede resolver desde el&nbsp;<em>yo<\/em>, negando al&nbsp;<em>otro<\/em>. Este per\u00edodo extraordinario de pandemia nos ha demostrado que somos interdependientes. El apartheid era una pol\u00edtica de muros que quer\u00eda hacer de cada grupo un ente aislado. La fuerza del instinto tribal nos une a aquellos que consideramos semejantes, aquellos que son como nosotros, que hablan nuestro mismo idioma, tienen la misma religi\u00f3n o el mismo color de piel. Buscamos&nbsp;<strong><em>semejanza, reciprocidad y confianza<\/em><\/strong>. Sin embargo, no podemos acceder a la humanidad expandiendo la tribu, sino dando un salto. En palabras de Bachir Diagne:<\/p>\n\n\n\n<blockquote class=\"wp-block-quote\"><p><em>Necesitamos imaginar un futuro de solidaridad en torno a la seguridad humana y el valor de la vida. Una pol\u00edtica de Ubuntu.<\/em><\/p><\/blockquote>\n\n\n\n<p>Mungi Ngomane, nieta de Desmond Tutu, en su libro&nbsp;<strong><em>Everyday Ubuntu: Living Better Together, the African Way<\/em><\/strong>&nbsp;explica que podr\u00edamos confundir&nbsp;<em>Ubuntu<\/em>, con la idea de&nbsp;<em>trata a los dem\u00e1s c\u00f3mo te gustar\u00eda que te tratasen<\/em>, pero no, el concepto va m\u00e1s all\u00e1. En sus palabras:<\/p>\n\n\n\n<blockquote class=\"wp-block-quote\"><p><em>No s\u00f3lo debemos estar atentos a lo que hacemos sino a c\u00f3mo lo hacemos&#8230; no es solo una forma de comportarse, sino de ser, de existir en el mundo.<\/em><\/p><\/blockquote>\n\n\n\n<p>La base de esta filosof\u00eda es el respeto por uno mismo y por los dem\u00e1s. Ser capaces de&nbsp;<strong><em>ver<\/em><\/strong>&nbsp;a los otros, incluso a los extranjeros, a los desconocidos, a los diferentes como iguales de pleno derecho. Jam\u00e1s tratarlos mal o como si fueran inferiores. Cuando Desmond Tutu, cumpli\u00f3 90 a\u00f1os, Mungi escribi\u00f3 el art\u00edculo&nbsp;<strong><em>The 9 Lessons My Grandfather Taught Me.&nbsp;<\/em><\/strong>Seleccion\u00f3 una lecci\u00f3n por cada d\u00e9cada de vida de su abuelo:<\/p>\n\n\n\n<ol type=\"1\"><li><strong>No te tomes demasiado en serio.<\/strong>&nbsp;Su humildad le permit\u00eda re\u00edrse de s\u00ed mismo y lo motivaba a aprender de los diferentes a \u00e9l.<\/li><li><strong>Perdonar es dif\u00edcil, pero vale la pena.&nbsp;<\/strong>Para sanar, debemos perdonar. Perdonar no es olvidar. Es recordar. Especialmente si no queremos repetir el mismo patr\u00f3n.<\/li><li><strong>T\u00f3mate momentos para ti cada d\u00eda.&nbsp;<\/strong>Se aseguraba de orar todos los d\u00edas, una mini siesta o tener un tiempo tranquilo para \u00e9l.<\/li><li><strong>No levantes la voz, mejora tu argumento.<\/strong>&nbsp;El desacuerdo no significa que tengamos derecho a infringir la seguridad y la dignidad de los dem\u00e1s.<\/li><li><strong>El humor puede ser una gracia salvadora.&nbsp;<\/strong>Usaba el humor en los d\u00edas m\u00e1s oscuros para romper la tensi\u00f3n. Su humor un\u00eda, todos pod\u00edan participar en la broma.<\/li><li><strong>Capacidad de sacrificio y solidaridad.&nbsp;<\/strong><em>Si eres neutral en situaciones de injusticia, has elegido el lado del opresor. Si un elefante tiene su pie en la cola de un rat\u00f3n y t\u00fa dices que eres neutral, el rat\u00f3n no apreciar\u00e1 tu neutralidad.<\/em><\/li><li><strong>Coraje y fuerza.&nbsp;<\/strong>Sobrevivi\u00f3 a la poliomielitis, la tuberculosis, el c\u00e1ncer, el apartheid. Luch\u00f3 toda su vida por la justicia y el cambio social.<\/li><li><strong>Verdad, reconciliaci\u00f3n y justicia restaurativa.<\/strong>&nbsp;<em>Desear\u00eda poder callarme, pero no puedo y no lo har\u00e9.&nbsp;<\/em>Su vida estuvo constantemente amenazada por la convicci\u00f3n con la que se aferraba a sus creencias. Nunca renunci\u00f3 a sus ideales.<\/li><\/ol>\n\n\n\n<p>Desmond Tutu proven\u00eda de una familia pobre. Su madre era empleada dom\u00e9stica y su padre profesor. En 2016, escribi\u00f3 en&nbsp;<strong><em>The Guardian<\/em><\/strong>&nbsp;el art\u00edculo&nbsp;<strong><em>I am sorry&#8217; \u2013 the three hardest words to say<\/em><\/strong>, en que cont\u00f3 una historia muy personal:<\/p>\n\n\n\n<blockquote class=\"wp-block-quote\"><p><a><em>Hubo tantas noches en las que yo, cuando era ni\u00f1o, tuve que ver impotente c\u00f3mo mi padre abusaba verbal y f\u00edsicamente de mi madre. Todav\u00eda puedo recordar el olor a alcohol, ver el miedo en los ojos de mi madre y sentir la desesperaci\u00f3n sin esperanza que surge cuando vemos a las personas que amamos lastim\u00e1ndose mutuamente de maneras incomprensibles. No le desear\u00eda esa experiencia a nadie, especialmente a un ni\u00f1o. [\u2026] Si hubiera intercambiado vidas con mi padre, si hubiera experimentado el estr\u00e9s y las presiones que enfrent\u00f3 mi padre, si hubiera tenido que soportar las cargas que \u00e9l soportaba, \u00bfme habr\u00eda comportado como \u00e9l? No s\u00e9. Ojal\u00e1 hubiera sido diferente, pero no lo s\u00e9.<\/em><\/a><em>\u00a0Mi padre muri\u00f3 hace mucho tiempo, pero si pudiera hablar con \u00e9l hoy,\u00a0<strong>me gustar\u00eda decirle que lo perdon\u00e9<\/strong>.<\/em><\/p><\/blockquote>\n\n\n\n<p>La novena lecci\u00f3n que Mungi aprendi\u00f3 de su abuelo y quiso compartir resume su filosof\u00eda y la escribi\u00f3 el mismo:<\/p>\n\n\n\n<p><em>Uno con Ubuntu tiene cuidado de caminar en el mundo como alguien que reconoce el valor infinito de todos aquellos con quienes entra en contacto. As\u00ed que no es simplemente una forma de comportarse,&nbsp;<strong>\u00a1es una forma de ser!<\/strong><\/em><\/p>\n","protected":false},"excerpt":{"rendered":"<p>Desmond Tutu, fue el primer africano negro en ocupar el cargo de arzobispo anglicano en Sud\u00e1frica. Reconocido en 1984 con el Premio Nobel de la Paz, era respetado mundialmente por su lucha incansable por la justicia social. Tutu, luch\u00f3 toda su vida contra el&nbsp;apartheid,&nbsp;sistema de separaci\u00f3n racial institucionalizado en Sud\u00e1frica desde 1948 y formalmente abolido en 1992. Luego sigui\u00f3 combatiendo [&hellip;]<\/p>\n","protected":false},"author":1,"featured_media":709,"comment_status":"open","ping_status":"open","sticky":false,"template":"","format":"standard","meta":[],"categories":[34,158,30,220,285,80,109,127,28,64,52,160,153,278,33,286,255,107,228,267,138,266,126,215,15,37,227,31,86,243,211,159,284,288,19,84,119,224,83,240,85,76,287,269,101,289,51],"tags":[],"_links":{"self":[{"href":"http:\/\/www.imagen.cl\/blog\/index.php\/wp-json\/wp\/v2\/posts\/708"}],"collection":[{"href":"http:\/\/www.imagen.cl\/blog\/index.php\/wp-json\/wp\/v2\/posts"}],"about":[{"href":"http:\/\/www.imagen.cl\/blog\/index.php\/wp-json\/wp\/v2\/types\/post"}],"author":[{"embeddable":true,"href":"http:\/\/www.imagen.cl\/blog\/index.php\/wp-json\/wp\/v2\/users\/1"}],"replies":[{"embeddable":true,"href":"http:\/\/www.imagen.cl\/blog\/index.php\/wp-json\/wp\/v2\/comments?post=708"}],"version-history":[{"count":1,"href":"http:\/\/www.imagen.cl\/blog\/index.php\/wp-json\/wp\/v2\/posts\/708\/revisions"}],"predecessor-version":[{"id":710,"href":"http:\/\/www.imagen.cl\/blog\/index.php\/wp-json\/wp\/v2\/posts\/708\/revisions\/710"}],"wp:featuredmedia":[{"embeddable":true,"href":"http:\/\/www.imagen.cl\/blog\/index.php\/wp-json\/wp\/v2\/media\/709"}],"wp:attachment":[{"href":"http:\/\/www.imagen.cl\/blog\/index.php\/wp-json\/wp\/v2\/media?parent=708"}],"wp:term":[{"taxonomy":"category","embeddable":true,"href":"http:\/\/www.imagen.cl\/blog\/index.php\/wp-json\/wp\/v2\/categories?post=708"},{"taxonomy":"post_tag","embeddable":true,"href":"http:\/\/www.imagen.cl\/blog\/index.php\/wp-json\/wp\/v2\/tags?post=708"}],"curies":[{"name":"wp","href":"https:\/\/api.w.org\/{rel}","templated":true}]}}