{"id":1560,"date":"2026-04-27T17:19:37","date_gmt":"2026-04-27T20:19:37","guid":{"rendered":"https:\/\/www.imagen.cl\/blog\/?p=1560"},"modified":"2026-04-27T17:19:37","modified_gmt":"2026-04-27T20:19:37","slug":"entre-la-espada-y-la-oracion","status":"publish","type":"post","link":"http:\/\/www.imagen.cl\/blog\/index.php\/2026\/04\/27\/entre-la-espada-y-la-oracion\/","title":{"rendered":"Entre la espada y la oraci\u00f3n"},"content":{"rendered":"\n<p id=\"ember2876\"><strong>Las primeras conversaciones directas de alto nivel entre Estados Unidos e Ir\u00e1n desde la revoluci\u00f3n isl\u00e1mica de 1979 comenzaron este s\u00e1bado 11 de abril en Islamabad.<\/strong> El encuentro ocurri\u00f3 a apenas tres d\u00edas del fr\u00e1gil alto al fuego de dos semanas anunciado el 8 de abril, fruto de una <strong>intensa mediaci\u00f3n pakistan\u00ed, con fuerte apoyo de China.<\/strong><\/p>\n\n\n\n<p id=\"ember2877\"><strong>La tregua, sin embargo, naci\u00f3 herida.<\/strong> Pocas horas despu\u00e9s de su entrada en vigor, <strong>Israel desencaden\u00f3 la mayor campa\u00f1a a\u00e9rea del conflicto sobre L\u00edbano:<\/strong> m\u00e1s de cien ataques en diez minutos sobre zonas densamente pobladas, en una operaci\u00f3n que Israel bautiz\u00f3 <strong>&#8220;Eternal Darkness&#8221;<\/strong> y el gobierno liban\u00e9s llam\u00f3 <strong>&#8220;Mi\u00e9rcoles Negro&#8221;<\/strong>. El <strong>Ministerio de Salud<\/strong> liban\u00e9s cifr\u00f3 inicialmente las v\u00edctimas en 303 muertos, cifra que en los d\u00edas siguientes se elev\u00f3 hasta 357, en la jornada m\u00e1s letal del frente liban\u00e9s. Estados Unidos reconocer\u00eda luego un <strong>&#8220;malentendido leg\u00edtimo&#8221;<\/strong> sobre la inclusi\u00f3n de L\u00edbano en el alto al fuego. Una contradicci\u00f3n de fondo: <strong>Pakist\u00e1n e Ir\u00e1n sostienen que L\u00edbano estaba incluido.<\/strong><\/p>\n\n\n\n<p id=\"ember2878\">Mientras los misiles caen, otra batalla se libra en el terreno del lenguaje y la teolog\u00eda. El secretario de Defensa estadounidense, Pete Hegseth, pidi\u00f3 a sus conciudadanos arrodillarse <strong>&#8220;todos los d\u00edas, con sus familias, en sus escuelas, en sus iglesias&#8221;<\/strong> y orar por la victoria militar <strong>&#8220;en el nombre de Jesucristo&#8221;<\/strong>. En el servicio del 25 de marzo en el Pent\u00e1gono, or\u00f3 por <strong>&#8220;una violencia abrumadora de acci\u00f3n contra aquellos que no merecen misericordia&#8221;<\/strong> y para que Dios <strong>&#8220;rompa los dientes de los imp\u00edos&#8221;<\/strong>. El papa Le\u00f3n XIV, primer pont\u00edfice nacido en Estados Unidos respondi\u00f3 en su homil\u00eda de Domingo de Ramos: <strong>&#8220;Jes\u00fas es el rey de la paz, que rechaza la guerra, a quien nadie puede usar para justificarla. No escucha las oraciones de quienes hacen la guerra, sino que las rechaza&#8221;.<\/strong> Dos d\u00edas despu\u00e9s, afirm\u00f3 que la misi\u00f3n cristiana, ha sido a menudo distorsionada por un <strong>&#8220;deseo de dominaci\u00f3n, completamente ajeno al camino de Jesucristo&#8221;.<\/strong><\/p>\n\n\n\n<p id=\"ember2879\">Este duelo de invocaciones divinas parece confirmar lo que Samuel Huntington anticip\u00f3 en 1993: que <strong>&#8220;las grandes l\u00edneas de conflicto del siglo XXI no ser\u00e1n ideol\u00f3gicas ni econ\u00f3micas, ser\u00e1n culturales&#8221;.<\/strong> Pero la guerra en curso, y las profundas divisiones internas que est\u00e1n desgarrando a cada uno de sus protagonistas, revela que <strong>la tesis de Huntington es a la vez iluminadora e insuficiente<\/strong>. Sobre las fallas civilizacionales se superponen tambi\u00e9n <strong>intereses geopol\u00edticos de potencias revisionistas como Rusia y China, la disputa por las rutas energ\u00e9ticas globales y una crisis de gobernanza dentro de las propias alianzas occidentales<\/strong>. La teolog\u00eda militante de Hegseth, con su \u00e9nfasis calvinista en la providencia divina, a\u00f1ade una capa a\u00fan m\u00e1s inquietante: <strong>una cosmovisi\u00f3n donde incluso las tragedias civiles pueden interpretarse como parte del plan de Dios.<\/strong><\/p>\n\n\n\n<p id=\"ember2880\"><strong>La herencia cristiana, en disputa. <\/strong>En <strong><em>El choque de civilizaciones<\/em><\/strong> (1996), Huntington sosten\u00eda que, tras el fin de la Guerra Fr\u00eda, las civilizaciones, definidas por cultura, lengua, tradici\u00f3n y, sobre todo, religi\u00f3n, se convertir\u00edan en las unidades b\u00e1sicas del conflicto global. Su tesis, criticada por esencialista y reduccionista, encuentra hoy en esta guerra un eco sorprendente. La alineaci\u00f3n de Estados Unidos e Israel contra Ir\u00e1n parece, a primera vista, un caso de manual: <strong>&#8220;Occidente&#8221;<\/strong> frente al <strong>&#8220;Islam&#8221;<\/strong>. Pero una mirada m\u00e1s profunda ampl\u00eda esos l\u00edmites.<\/p>\n\n\n\n<p id=\"ember2881\">El historiador brit\u00e1nico Tom Holland, en<strong> <\/strong><strong><em>Dominion<\/em><\/strong><strong> <\/strong>(2019), argumenta que <strong>la moral occidental, incluidos conceptos que hoy consideramos laicos y universales como los derechos humanos, la dignidad de las personas o el rechazo a la violencia sacralizada es, en su origen, profundamente cristiana<\/strong>. Su tesis no est\u00e1 exenta de cr\u00edticos: historiadores como Tim Whitmarsh han recordado las ra\u00edces grecorromanas del humanismo secular, y otros, como Larry Siedentop en <strong><em>Inventing the Individual<\/em><\/strong> (2014), matizan el papel exclusivo del cristianismo en la formaci\u00f3n del individualismo moderno. Pero incluso en su versi\u00f3n m\u00e1s matizada, la observaci\u00f3n de Holland ilumina la paradoja que hoy presenciamos: <strong>el secretario de Defensa de una rep\u00fablica constitucionalmente laica invoca el nombre de Cristo para bendecir una guerra, mientras el l\u00edder de la Iglesia cat\u00f3lica, heredera de siglos de poder, abuso y violencia, le recuerda al mundo que Dios &#8220;no escucha las oraciones de quienes hacen la guerra&#8221;.<\/strong><\/p>\n\n\n\n<p id=\"ember2882\">En <strong><em>A la sombra de las espadas<\/em><\/strong> (2014), Holland explor\u00f3 el nacimiento del islam en la antig\u00fcedad tard\u00eda, un per\u00edodo en que <strong>las grandes religiones monote\u00edstas compet\u00edan por el dominio imperial y espiritual.<\/strong> Seg\u00fan Holland, esa competencia nunca desapareci\u00f3 del todo: simplemente se transform\u00f3. <strong>Esta guerra es un eco de aquellas pugnas, pero mediado por siglos de evoluci\u00f3n teol\u00f3gica, pol\u00edtica y tecnol\u00f3gica, y ahora inserto en un tablero global donde Pek\u00edn y Mosc\u00fa mueven sus propias fichas.<\/strong><\/p>\n\n\n\n<p id=\"ember2883\"><strong>Estados Unidos: entre la providencia y la cruzada. <\/strong>La ret\u00f3rica de Hegseth no es una anomal\u00eda; se inscribe en una tradici\u00f3n estadounidense que combina <strong>excepcionalismo nacional y providencialismo cristiano<\/strong>. Hegseth ha institucionalizado ceremonias cristianas mensuales en el Pent\u00e1gono y, seg\u00fan reportajes de <strong><em>The Guardian<\/em><\/strong> y<strong> <\/strong><strong><em>Foreign Policy<\/em><\/strong>, su consejero espiritual m\u00e1s cercano, el pastor Brooks Potteiger, cit\u00f3 Mateo 10 en un serm\u00f3n reciente: <strong>&#8220;Si nuestro Se\u00f1or es soberano incluso sobre la ca\u00edda de un gorri\u00f3n, pueden estar seguros de que es soberano sobre todo lo dem\u00e1s que cae en este mundo, incluidos los misiles Tomahawk y Minuteman\u2026 Jes\u00fas tiene la \u00faltima palabra sobre todo esto&#8221;<\/strong>. El propio Hegseth, en su libro <strong><em>American Crusade<\/em><\/strong><strong> <\/strong>(2020), hab\u00eda descrito la separaci\u00f3n entre Iglesia y Estado como <strong>&#8220;un mito de izquierda&#8221;<\/strong>, y lleva tatuada en el brazo la consigna cruzada <strong><em>Deus Vult<\/em><\/strong> (Dios lo quiere).<\/p>\n\n\n\n<p id=\"ember2884\">Esta teolog\u00eda, arraigada en una rama evang\u00e9lica calvinista reformada, enfatiza la <strong>soberan\u00eda absoluta de Dios y la predestinaci\u00f3n.<\/strong> Sin embargo, en la ortodoxia calvinista cl\u00e1sica la providencia no exime de responsabilidad humana: Dios puede <strong>&#8220;permitir&#8221;<\/strong> el mal sin justificarlo moralmente. Esta distinci\u00f3n se difumina en la ret\u00f3rica de Hegseth, donde voluntad divina y acci\u00f3n militar parecen fundirse sin fisuras. La <strong>Fundaci\u00f3n por la Libertad Religiosa Militar<\/strong> afirma haber recibido m\u00e1s de doscientas llamadas de uniformados que denuncian que sus mandos describen la guerra como cumplimiento de profec\u00eda b\u00edblica; sobre este tema, congresistas dem\u00f3cratas han pedido una investigaci\u00f3n interna del Pent\u00e1gono.<\/p>\n\n\n\n<p id=\"ember2885\">Pero la respuesta no ha venido solo de la izquierda secular. El arzobispo Timothy Broglio, m\u00e1xima autoridad cat\u00f3lica de las Fuerzas Armadas estadounidenses, y quien en enero hab\u00eda elogiado a Hegseth, manifest\u00f3 p\u00fablicamente en <strong><em>Face the Nation<\/em><\/strong><strong> <\/strong>su desacuerdo con la idea de que Jes\u00fas pueda justificar esta guerra. <strong>Es desde dentro de la propia tradici\u00f3n cristiana, no desde fuera, donde surge la cr\u00edtica m\u00e1s demoledora.<\/strong> Es all\u00ed donde Le\u00f3n XIV ha recuperado una l\u00ednea teol\u00f3gica que, desde Agust\u00edn de Hipona hasta Juan Pablo II, ha problematizado la noci\u00f3n misma de <strong>&#8220;guerra justa&#8221;<\/strong>.<\/p>\n\n\n\n<p id=\"ember2886\"><strong>Israel: seguridad existencial, fractura interna y un ausente clave. <\/strong>La sociedad israel\u00ed tambi\u00e9n est\u00e1 atravesada por tensiones entre lo secular y lo religioso. Para el <strong>ala nacionalista-religiosa<\/strong>, las operaciones contra Ir\u00e1n, Gaza y L\u00edbano se inscriben en una narrativa de <strong>cumplimiento b\u00edblico y defensa de la Tierra Prometida<\/strong>. Para el <strong>bloque secular-libertario<\/strong>, plantean un <strong>costo moral creciente y erosionan la legitimidad democr\u00e1tica del pa\u00eds.<\/strong> Las divisiones se han profundizado tras m\u00e1s de dos a\u00f1os de conflicto en Gaza: informes de <strong>Human Rights Watch<\/strong> y de la <strong>Comisi\u00f3n Independiente de la ONU<\/strong> han documentado cr\u00edmenes de guerra, y la <strong>Corte Penal Internacional<\/strong> mantiene \u00f3rdenes de detenci\u00f3n contra Benjamin Netanyahu y Yoav Gallant, su exministro de Defensa. El 16 de marzo, la Oficina de Derechos Humanos de la ONU se\u00f1al\u00f3: <strong>&#8220;Matar a familias enteras en sus hogares y refugios ha sido un rasgo constante de la actividad militar israel\u00ed en Gaza desde el 7 de octubre de 2023, borrando generaciones enteras y causando un elevado n\u00famero de v\u00edctimas civiles, incluidas mujeres y ni\u00f1os&#8221;<\/strong>. La fatiga de guerra, las protestas por los rehenes y los esc\u00e1ndalos de corrupci\u00f3n han debilitado la cohesi\u00f3n interna.<\/p>\n\n\n\n<p id=\"ember2887\">A esta ecuaci\u00f3n falta sumar a Hezbol\u00e1, cuya ofensiva del 2 de marzo, presentada como represalia por el asesinato del ayatol\u00e1 Jamenei en el primer d\u00eda de la guerra, reabri\u00f3 el frente liban\u00e9s y arrastr\u00f3 al pa\u00eds a su episodio m\u00e1s letal en d\u00e9cadas. Tratar a L\u00edbano solo como v\u00edctima pasiva oscurece el rol del <strong>Eje de la Resistencia <\/strong>como actor con agenda propia, capacidad militar aut\u00f3noma y teolog\u00eda pol\u00edtica espec\u00edfica, distinta tanto del chiismo iran\u00ed de Estado como del nacionalismo \u00e1rabe secular.<\/p>\n\n\n\n<p id=\"ember2888\"><strong>Ir\u00e1n: teocracia, martirio y la fragilidad bajo la unidad t\u00e1ctica. <\/strong>La doctrina chiita del <strong><em>velayat-e faqih<\/em><\/strong> fusiona <strong>autoridad religiosa y poder pol\u00edtico<\/strong>, y la <strong>teolog\u00eda del martirio transforma la derrota en victoria espiritual. <\/strong>La resistencia antiimperialista proyecta esta m\u00edstica hacia el exterior: <strong>Estados Unidos es el &#8220;Gran Sat\u00e1n&#8221;, Israel el &#8220;peque\u00f1o Sat\u00e1n&#8221;.<\/strong> Pero esta caracterizaci\u00f3n, aunque \u00fatil, simplifica una <strong>Rep\u00fablica Isl\u00e1mica<\/strong> que es tambi\u00e9n una <strong>compleja<\/strong> <strong>burocracia estatal con tecn\u00f3cratas, facciones pragm\u00e1ticas y una sociedad civil m\u00e1s plural de lo que sugiere su ret\u00f3rica oficial.<\/strong><\/p>\n\n\n\n<p id=\"ember2889\"><strong>La muerte de Al\u00ed Jamenei el 28 de febrero, en el primer d\u00eda de los ataques estadounidenses e israel\u00edes, abri\u00f3 un vac\u00edo sucesorio que a\u00fan no se ha resuelto.<\/strong> La candidatura de su hijo Mojtaba Jamenei, largamente discutida, podr\u00eda profundizar la fractura entre el pragmatismo de supervivencia y la pureza revolucionaria, pero nada est\u00e1 a\u00fan resuelto. Las protestas de finales de 2025 dejaron al descubierto un descontento social que la guerra ha logrado, por ahora, suspender en una fr\u00e1gil unidad t\u00e1ctica frente al agresor extranjero.<\/p>\n\n\n\n<p id=\"ember2890\"><strong>Rusia y China: el tablero m\u00e1s amplio. <\/strong>Rusia se presenta como arquitecto de un mundo multipolar donde cada civilizaci\u00f3n tiene derecho a su propio modelo pol\u00edtico-cultural. Putin habla de <strong>\u201csinfon\u00eda de valores humanos\u201d<\/strong> y defiende una <strong>\u201cvisi\u00f3n correcta\u201d<\/strong> de la historia. Protege <strong>\u201cvalores espirituales-morales\u201d<\/strong> frente al <strong>\u201cdecadente\u201d<\/strong> individualismo occidental. En este conflicto ha proporcionado inteligencia y sistemas de defensa. Por su parte, <strong>China se presenta como guardiana de un orden donde la soberan\u00eda cultural prima sobre la liberal universal.<\/strong> No busca desmantelar el orden actual de golpe; <strong>lo transforma desde dentro mediante instituciones paralelas. <\/strong>Pek\u00edn, principal comprador del petr\u00f3leo iran\u00ed, presiona por un alto al fuego que proteja sus inversiones y su acceso energ\u00e9tico. Rusia y China son proyectos civilizacionales distintos: <strong>\u201ccomparten cama, pero sue\u00f1an distinto\u201d<\/strong>. <strong>Luchan por la reconfiguraci\u00f3n del poder global y el desplazamiento del orden liberal estadounidense.<\/strong><\/p>\n\n\n\n<p id=\"ember2891\"><strong>El enemigo tambi\u00e9n est\u00e1 en casa. <\/strong>El bloque Israel-Estados Unidos muestra fisuras crecientes. La administraci\u00f3n Trump critica a la OTAN por su escaso apoyo, y sigue amenazando con una eventual retirada. La ret\u00f3rica religiosa de Hegseth genera cr\u00edticas en sectores conservadores y libertarios que exigen justificar la guerra en t\u00e9rminos de inter\u00e9s nacional, no de providencia divina. La purga reciente de oficiales superiores en plena campa\u00f1a b\u00e9lica evidencia la profunda reestructuraci\u00f3n ideol\u00f3gica del Pent\u00e1gono. En Europa, las canciller\u00edas francesa y brit\u00e1nica condenaron expl\u00edcitamente los ataques israel\u00edes del 8 de abril sobre L\u00edbano, profundizando su distancia con Washington.<\/p>\n\n\n\n<p id=\"ember2892\">En Ir\u00e1n, la guerra gener\u00f3 unidad t\u00e1ctica temporal, pero las tensiones de fondo persisten. En Israel, la fractura entre sionismo religioso y liberalismo democr\u00e1tico aumenta. Y en Estados Unidos, la tensi\u00f3n entre providencialismo militante y universalismo secular, ambos, parad\u00f3jicamente, herederos de la misma tradici\u00f3n cristiana, se vuelve cada d\u00eda m\u00e1s visible.<\/p>\n\n\n\n<p id=\"ember2893\"><strong>La pregunta abierta. <\/strong>Esta guerra parece confirmar a Huntington, pero una mirada detallada revela que <strong>el conflicto no se libra solo entre civilizaciones, sino dentro de cada una de ellas<\/strong>, superpuesto a un tablero geopol\u00edtico y econ\u00f3mico mucho m\u00e1s amplio. La gran iron\u00eda es que, mientras los l\u00edderes invocan a Dios para bendecir ej\u00e9rcitos o justificar <strong>&#8220;violencia abrumadora&#8221;<\/strong> como parte de un plan predestinado, las poblaciones que dicen representar est\u00e1n m\u00e1s divididas que nunca sobre el significado de esa invocaci\u00f3n.<\/p>\n\n\n\n<p id=\"ember2894\">Mientras escribo estas l\u00edneas, tras m\u00e1s de diecis\u00e9is horas seguidas de reuniones en Islamabad, <strong>Estados Unidos e Ir\u00e1n no llegaron a ning\u00fan acuerdo.<\/strong> El domingo, Trump amenaz\u00f3 que Estados Unidos \u201c<strong>bloquear\u00eda\u201d<\/strong> el estrecho de Ormuz. <strong>\u00bfCu\u00e1l de las tres capas, la teol\u00f3gica, la geopol\u00edtica, la energ\u00e9tica, tiene primac\u00eda causal?<\/strong> Creo que ninguna por s\u00ed sola explica este conflicto: la teolog\u00eda militante de Hegseth no existir\u00eda sin un electorado evang\u00e9lico movilizado, pero tampoco sin oleoductos que defender; la doctrina del <em>velayat-e faqih<\/em> no sostendr\u00eda a la Rep\u00fablica Isl\u00e1mica sin los ingresos del petr\u00f3leo; el c\u00e1lculo chino no ser\u00eda tan urgente sin el estrecho de Ormuz. Las tres capas se sostienen mutuamente y se refuerzan, la pregunta de cu\u00e1l es <strong>&#8220;la m\u00e1s importante&#8221;<\/strong> es probablemente equivocada.<\/p>\n\n\n\n<p id=\"ember2895\"><strong>El choque de civilizaciones existe, pero tambi\u00e9n, y quiz\u00e1, sobre todo, es un choque de cosmovisiones dentro de cada civilizaci\u00f3n. <\/strong>En esa batalla interna, las armas no son misiles, sino ideas, valores y la pregunta que todas estas religiones monote\u00edstas en pugna llevan siglos intentando responder: <strong>\u00bfqu\u00e9 significa, exactamente, invocar el nombre de Dios?<\/strong><\/p>\n\n\n\n<p id=\"ember2896\">El novelista y ensayista israel\u00ed, Amos Oz, advirti\u00f3 que el fanatismo representa <strong>\u2018la plaga del siglo XXI\u2019<\/strong>. Para Oz, <strong>la diferencia entre idealismo y fanatismo radica en pasar de la devoci\u00f3n a la obsesi\u00f3n<\/strong>, donde los fines justifican cualquier medio. <strong>En un mundo marcado por la polarizaci\u00f3n, el fanatismo se erige como una fuerza destructiva que trasciende fronteras, culturas y \u00e1mbitos de la vida.<\/strong> En <strong><em>Contra el fanatismo<\/em><\/strong> (2004), escribi\u00f3:<\/p>\n\n\n\n<p id=\"ember2897\"><strong>El fanatismo es m\u00e1s viejo que el islam, que el cristianismo, que el juda\u00edsmo. M\u00e1s viejo que cualquier estado, gobierno o sistema pol\u00edtico. M\u00e1s viejo que cualquier ideolog\u00eda o credo del mundo.<\/strong> Desgraciadamente, el fanatismo es un componente siempre presente en la naturaleza humana, <strong>un gen del mal<\/strong>, por llamarlo de alguna manera.<\/p>\n\n\n\n<p id=\"ember2898\"><strong>Esta guerra demuestra, al mismo tiempo, que la fe por s\u00ed sola no basta para explicarlo todo.<\/strong> Los oleoductos, las rutas mar\u00edtimas, los c\u00e1lculos de Mosc\u00fa y Pek\u00edn y la crisis energ\u00e9tica global son parte inseparable de la ecuaci\u00f3n. En la intersecci\u00f3n de <strong>la espada, la oraci\u00f3n y los recursos<\/strong> se est\u00e1 escribiendo el pr\u00f3ximo cap\u00edtulo del orden mundial.<\/p>\n","protected":false},"excerpt":{"rendered":"<p>Las primeras conversaciones directas de alto nivel entre Estados Unidos e Ir\u00e1n desde la revoluci\u00f3n isl\u00e1mica de 1979 comenzaron este s\u00e1bado 11 de abril en Islamabad. El encuentro ocurri\u00f3 a apenas tres d\u00edas del fr\u00e1gil alto al fuego de dos semanas anunciado el 8 de abril, fruto de una intensa mediaci\u00f3n pakistan\u00ed, con fuerte apoyo de China. La tregua, sin [&hellip;]<\/p>\n","protected":false},"author":1,"featured_media":1561,"comment_status":"open","ping_status":"open","sticky":false,"template":"","format":"standard","meta":[],"categories":[109,332,551,64,52,153,58,393,536,98,568,515,31,522,523,525,319],"tags":[],"_links":{"self":[{"href":"http:\/\/www.imagen.cl\/blog\/index.php\/wp-json\/wp\/v2\/posts\/1560"}],"collection":[{"href":"http:\/\/www.imagen.cl\/blog\/index.php\/wp-json\/wp\/v2\/posts"}],"about":[{"href":"http:\/\/www.imagen.cl\/blog\/index.php\/wp-json\/wp\/v2\/types\/post"}],"author":[{"embeddable":true,"href":"http:\/\/www.imagen.cl\/blog\/index.php\/wp-json\/wp\/v2\/users\/1"}],"replies":[{"embeddable":true,"href":"http:\/\/www.imagen.cl\/blog\/index.php\/wp-json\/wp\/v2\/comments?post=1560"}],"version-history":[{"count":1,"href":"http:\/\/www.imagen.cl\/blog\/index.php\/wp-json\/wp\/v2\/posts\/1560\/revisions"}],"predecessor-version":[{"id":1562,"href":"http:\/\/www.imagen.cl\/blog\/index.php\/wp-json\/wp\/v2\/posts\/1560\/revisions\/1562"}],"wp:featuredmedia":[{"embeddable":true,"href":"http:\/\/www.imagen.cl\/blog\/index.php\/wp-json\/wp\/v2\/media\/1561"}],"wp:attachment":[{"href":"http:\/\/www.imagen.cl\/blog\/index.php\/wp-json\/wp\/v2\/media?parent=1560"}],"wp:term":[{"taxonomy":"category","embeddable":true,"href":"http:\/\/www.imagen.cl\/blog\/index.php\/wp-json\/wp\/v2\/categories?post=1560"},{"taxonomy":"post_tag","embeddable":true,"href":"http:\/\/www.imagen.cl\/blog\/index.php\/wp-json\/wp\/v2\/tags?post=1560"}],"curies":[{"name":"wp","href":"https:\/\/api.w.org\/{rel}","templated":true}]}}