{"id":129,"date":"2020-08-27T12:44:25","date_gmt":"2020-08-27T15:44:25","guid":{"rendered":"http:\/\/www.imagen.cl\/blog\/?p=129"},"modified":"2020-08-27T12:44:25","modified_gmt":"2020-08-27T15:44:25","slug":"la-emocion-decide-y-la-razon-justifica","status":"publish","type":"post","link":"http:\/\/www.imagen.cl\/blog\/index.php\/2020\/08\/27\/la-emocion-decide-y-la-razon-justifica\/","title":{"rendered":"La emoci\u00f3n decide y la raz\u00f3n justifica"},"content":{"rendered":"\n<p>La mente y el cuerpo, est\u00e1n integrados en una unidad indisoluble y las emociones son el regulador. La cultura y el intelecto nacen esencialmente del lenguaje, pero el lenguaje no habr\u00eda existido nunca sin emociones.<\/p>\n\n\n\n<p>Si alguien te grita que hagas algo, pese a que sea completamente racional, tu primera reacci\u00f3n ser\u00e1 de no querer hacerlo. Sin embargo, si intentas persuadirlo afectuosamente y negociar, muy probablemente esa persona s\u00ed te escuche.<\/p>\n\n\n\n<p>Antonio Damasio en su libro,&nbsp;<strong><em>El extra\u00f1o orden de las cosas:&nbsp;<\/em><\/strong>se\u00f1ala:<\/p>\n\n\n\n<p><em>\u201cSi no hubi\u00e9ramos sentido dolor y placer, nunca habr\u00edamos inventado la medicina, sistemas morales, gobiernos y herramientas [\u2026] en el siglo XX, nos hemos preocupado mucho por los n\u00fameros, la ciencia y la tecnolog\u00eda y la gente ha tendido a abandonar los sentimientos y la conciencia de ser [\u2026] Estoy totalmente en contra de la idea de que la inteligencia artificial puede recrear una mente humana.&#8221;<\/em><\/p>\n\n\n\n<p>Nuestro sistema nervioso se fue desarrollando paulatinamente, como una cadena, cada nuevo nivel evolutivo de nuestro sistema nervioso incorpor\u00f3 funciones nuevas que, de alg\u00fan modo, actuaban y modulaban las anteriores. Nuestros antecesores m\u00e1s lejanos sent\u00edan emociones como miedo, ira o alegr\u00eda, ya que nuestra ra\u00edz evolutiva es, b\u00e1sicamente emocional.<\/p>\n\n\n\n<p>En el libro&nbsp;<strong><em>Emoci\u00f3n y Sentimientos<\/em><\/strong>, Daniel L\u00f3pez Rosetti, lo resume magistralmente:<\/p>\n\n\n\n<p><em>\u201cpodemos afirmar que tenemos una prehistoria emocional y una novedad racional. Hemos \u201csentido\u201d mucho tiempo antes que apareciera nuestro primer pensamiento.\u201d<\/em><\/p>\n\n\n\n<p>Sobre esta base biol\u00f3gica emocional arcaica, la aparici\u00f3n de la raz\u00f3n ha permitido el explosivo desarrollo humano. La ciencia y la t\u00e9cnica han logrado en corto tiempo avances impensados. Visto as\u00ed, resulta comprensible la soberbia de nuestra especia frente a los logros de su capacidad de razonamiento, su l\u00f3gica, su ciencia y su t\u00e9cnica. Vivimos en una sociedad donde se sobrevaloran la raz\u00f3n y los resultados. Sin embargo, estos resultados y complejos procesos cognitivos, no ser\u00edan posibles sin valent\u00eda, tenacidad, convicci\u00f3n, y el adecuado control del miedo.<\/p>\n\n\n\n<p>En los seres vivos las emociones cumplen tres funciones:&nbsp;<strong><em>una funci\u00f3n adaptativa, una social y una motivacional<\/em><\/strong>. La funci\u00f3n adaptativa hace que nos acerquemos o alejemos de una circunstancia. La funci\u00f3n social, nos permiten comportarnos en sinton\u00eda con nuestros pares del entorno y promover relaciones interpersonales y la funci\u00f3n motivacional, nos da la energ\u00eda necesaria para la acci\u00f3n, dirige y orienta nuestro comportamiento hacia un objetivo. Estas tres funciones emocionales, se expresan en tres reacciones: reacci\u00f3n f\u00edsica, reacci\u00f3n expresiva o conductual y sentimientos.<\/p>\n\n\n\n<p>Imaginemos la siguiente situaci\u00f3n: usted est\u00e1 conduciendo solo por una carretera con poca visibilidad, recibe una llamada y toma el tel\u00e9fono para responder, de pronto un ni\u00f1o sale corriendo delante de usted. R\u00e1pidamente suelta el tel\u00e9fono y frena violentamente. Instantes despu\u00e9s, es posible que experimente una serie de reacciones emocionales incontroladas. Finalmente, una vez que se ha recuperado del sobresalto, su centro mental se dar\u00e1 cuenta de lo ocurrido pensando acerca de ello, e imaginando lo que podr\u00eda haber sucedido.<\/p>\n\n\n\n<p>En este relato, observamos que el evento de riesgo nos gener\u00f3 una emoci\u00f3n de miedo, surge as\u00ed de inmediato una respuesta org\u00e1nica como el aumento de la frecuencia cardiaca, frecuencia respiratoria y aumento de presi\u00f3n arterial, que habilitan que nuestro cuerpo reaccione f\u00edsicamente. Luego viene una manifestaci\u00f3n expresiva, nuestro rostro cambia y toma la expresi\u00f3n propia y caracter\u00edstica del miedo. La cara de miedo es siempre la misma y reconocible independiente de la cultura. El lenguaje de comunicaci\u00f3n m\u00e1s primitivo, las caras. Y, por \u00faltimo, \u201csentimos miedo\u201d; la vivencia emocional subjetiva y personal del miedo. Cuando se toma conciencia de una emoci\u00f3n, se le asigna un significado o relato se la denomina sentimiento.<\/p>\n\n\n\n<p>Las emociones y los sentimientos, entonces son dos formas de procesamiento de la informaci\u00f3n distintas, y con diferentes velocidades. Las emociones son reacciones org\u00e1nicas, r\u00e1pidas e intensas, mientras que los sentimientos son interpretaciones mentales, duraderas y menos intensas. Nuestro pensamiento, enfrentado a estas reacciones, busca intencionalmente presentar a nuestro mundo social una explicaci\u00f3n entendible, defendible y justificable desde la raz\u00f3n<strong><em>&nbsp;\u201cla emoci\u00f3n decide y la raz\u00f3n justifica\u201d,&nbsp;<\/em><\/strong>somos seres emocionales que razonan.<\/p>\n\n\n\n<p>Para Damasio:<\/p>\n\n\n\n<p><em>&#8220;La ciencia y la raz\u00f3n no salvar\u00e1n el mundo: lo que necesitamos es la negociaci\u00f3n combinada con sentimientos. A trav\u00e9s de la negociaci\u00f3n podemos llegar a un consenso para garantizar la supervivencia de la humanidad; si no, podemos entrar en una espiral de destrucci\u00f3n absoluta.&#8221;<\/em><\/p>\n\n\n\n<p>Un adecuado equilibrio entre la raz\u00f3n y la emoci\u00f3n es la \u00fanica alternativa para alcanzar el bienestar personal, social y planetario, y la educaci\u00f3n emocional sigue siendo una asignatura pendiente.<\/p>\n","protected":false},"excerpt":{"rendered":"<p>La mente y el cuerpo, est\u00e1n integrados en una unidad indisoluble y las emociones son el regulador. La cultura y el intelecto nacen esencialmente del lenguaje, pero el lenguaje no habr\u00eda existido nunca sin emociones. Si alguien te grita que hagas algo, pese a que sea completamente racional, tu primera reacci\u00f3n ser\u00e1 de no querer hacerlo. Sin embargo, si intentas [&hellip;]<\/p>\n","protected":false},"author":1,"featured_media":130,"comment_status":"open","ping_status":"open","sticky":false,"template":"","format":"standard","meta":[],"categories":[6,4],"tags":[],"_links":{"self":[{"href":"http:\/\/www.imagen.cl\/blog\/index.php\/wp-json\/wp\/v2\/posts\/129"}],"collection":[{"href":"http:\/\/www.imagen.cl\/blog\/index.php\/wp-json\/wp\/v2\/posts"}],"about":[{"href":"http:\/\/www.imagen.cl\/blog\/index.php\/wp-json\/wp\/v2\/types\/post"}],"author":[{"embeddable":true,"href":"http:\/\/www.imagen.cl\/blog\/index.php\/wp-json\/wp\/v2\/users\/1"}],"replies":[{"embeddable":true,"href":"http:\/\/www.imagen.cl\/blog\/index.php\/wp-json\/wp\/v2\/comments?post=129"}],"version-history":[{"count":1,"href":"http:\/\/www.imagen.cl\/blog\/index.php\/wp-json\/wp\/v2\/posts\/129\/revisions"}],"predecessor-version":[{"id":132,"href":"http:\/\/www.imagen.cl\/blog\/index.php\/wp-json\/wp\/v2\/posts\/129\/revisions\/132"}],"wp:featuredmedia":[{"embeddable":true,"href":"http:\/\/www.imagen.cl\/blog\/index.php\/wp-json\/wp\/v2\/media\/130"}],"wp:attachment":[{"href":"http:\/\/www.imagen.cl\/blog\/index.php\/wp-json\/wp\/v2\/media?parent=129"}],"wp:term":[{"taxonomy":"category","embeddable":true,"href":"http:\/\/www.imagen.cl\/blog\/index.php\/wp-json\/wp\/v2\/categories?post=129"},{"taxonomy":"post_tag","embeddable":true,"href":"http:\/\/www.imagen.cl\/blog\/index.php\/wp-json\/wp\/v2\/tags?post=129"}],"curies":[{"name":"wp","href":"https:\/\/api.w.org\/{rel}","templated":true}]}}