{"id":1042,"date":"2024-03-25T11:45:53","date_gmt":"2024-03-25T14:45:53","guid":{"rendered":"https:\/\/www.imagen.cl\/blog\/?p=1042"},"modified":"2024-03-25T12:24:30","modified_gmt":"2024-03-25T15:24:30","slug":"acoplamiento-estructural","status":"publish","type":"post","link":"http:\/\/www.imagen.cl\/blog\/index.php\/2024\/03\/25\/acoplamiento-estructural\/","title":{"rendered":"Acoplamiento estructural"},"content":{"rendered":"\n<p>En septiembre de 1835, el Beagle, ya de vuelta a casa, hizo escala en unas islas conocidas como las Gal\u00e1pagos. El capit\u00e1n FitzRoy le dio una semana Darwin para explorar. En la primera isla,&nbsp;<strong><em>Darwin qued\u00f3 sorprendido por la enorme variedad de especies<\/em><\/strong>&nbsp;diferentes que encontr\u00f3. Sin embargo, al seguir recorriendo las otras islas del archipi\u00e9lago,&nbsp;<strong><em>descubri\u00f3 que las mismas especies difer\u00edan de una isla a otra, aun si s\u00f3lo las separaba una distancia de ochenta kil\u00f3metros.<\/em><\/strong>&nbsp;Los caparazones de las tortugas ten\u00edan marcas distintas, y los pinzones hab\u00edan desarrollado tipos de picos diferentes, dise\u00f1ado cada cual para una clase espec\u00edfica de alimento en su isla particular. Cuando Darwin, escribi\u00f3&nbsp;<strong><em>El origen de las especies<\/em><\/strong>&nbsp;en 1859, se encontr\u00f3 con un problema. De sus estudios y observaciones estaba claro que las especies evolucionaban,&nbsp;<strong><em>pero no sab\u00eda que era lo que la impulsaba.<\/em><\/strong>&nbsp;Tomando una idea del economista Herbert Spencer, Darwin postul\u00f3 que el&nbsp;<strong><em>conductor invisible<\/em><\/strong>&nbsp;podr\u00eda ser&nbsp;<strong><em>la competencia<\/em><\/strong>. Carolyn Burdett, en su art\u00edculo&nbsp;<strong><em>Post Darwin: social Darwinism, degeneration, eugenics<\/em><\/strong>&nbsp;explica que muchas personas en la \u00e9poca victoriana encontraron en el pensamiento evolutivo una visi\u00f3n del mundo que parec\u00eda encajar con su propia experiencia social. Seg\u00fan Burdett, Spencer cre\u00eda que:<\/p>\n\n\n\n<p><em>&#8220;Las leyes f\u00edsicas fundamentales de la evoluci\u00f3n significaban que&nbsp;<strong>el progreso de todo tipo depend\u00eda de la lucha y la competencia&#8221;.<\/strong><\/em><\/p>\n\n\n\n<p>Ciento veinte a\u00f1os despu\u00e9s, el bi\u00f3logo chileno Humberto Maturana propuso que el&nbsp;<strong><em>&#8216;acoplamiento estructural&#8217;<\/em><\/strong>&nbsp;y no la competencia era el impulsor de la evoluci\u00f3n. Maturana afirmaba que se confunde&nbsp;<strong><em>proceso y resultado<\/em><\/strong>. El&nbsp;<strong><em>acoplamiento estructural explica el proceso de la evoluci\u00f3n<\/em><\/strong>, mientras que la&nbsp;<strong><em>competencia es un resultado ocasional<\/em><\/strong>&nbsp;de la evoluci\u00f3n; no el proceso que la impulsa. En biolog\u00eda, se entiende el acoplamiento estructural como<strong><em>&nbsp;el proceso mediante el cual un organismo al interactuar con su entorno cambia y su entorno tambi\u00e9n.&nbsp;<\/em><\/strong>Se llama acoplamiento estructural porque los cambios que produce son estructurales:&nbsp;<strong><em>cambian la estructura de cada parte en la interacci\u00f3n recurrente.&nbsp;<\/em><\/strong>En el libro&nbsp;<strong><em>Del ser al hacer<\/em><\/strong>, fruto de los di\u00e1logos entre Maturana y el periodista alem\u00e1n Bernhard P\u00f6rksen, explican:<\/p>\n\n\n\n<p><strong><em>\u201cLa vida ocurre entre las interacciones del organismo con su medio,<\/em><\/strong><em>&nbsp;en un devenir espont\u00e1neo de&nbsp;<strong>cambios estructurales en las<\/strong>&nbsp;<strong>que organismo y medio van transform\u00e1ndose congruentemente<\/strong>, mientras el organismo sea capaz de mantener su organizaci\u00f3n y adaptaci\u00f3n al medio a lo largo de todos los cambios estructurales.<\/em><\/p>\n\n\n\n<p>Esto fue lo que sorprendi\u00f3 a Darwin en las islas Gal\u00e1pagos, ya que observ\u00f3 que cada criatura se hab\u00eda adaptado a los alimentos y predadores que encontr\u00f3 en la isla que habitaba, cambiando con el paso de los a\u00f1os su forma y apariencia, a la vez que su entorno tambi\u00e9n cambiaba. Para Maturana&nbsp;<strong><em>lo que define a una especie es su modo de vida,<\/em><\/strong>&nbsp;entendida como una configuraci\u00f3n de relaciones cambiantes entre organismo y entorno que comienza con el nacimiento del organismo y termina con su muerte, y que&nbsp;<strong><em>se cultiva, conserva y consolida generaci\u00f3n tras generaci\u00f3n<\/em><\/strong>, no como una configuraci\u00f3n gen\u00e9tica espec\u00edfica sino como un&nbsp;<strong><em>modo de vivir que se quiere mantener<\/em><\/strong>. En palabras de Maturana:<\/p>\n\n\n\n<p><strong><em>\u201cLo central en el fen\u00f3meno evolutivo est\u00e1 en el cambio de modo de vida\u201d.<\/em><\/strong><\/p>\n\n\n\n<p>Patrick Hoverstadt y Lucy Loh en su libro&nbsp;<strong><em>Patterns of Strategy<\/em><\/strong>, trasladan el modelo de los organismos propuesto por Maturana a las organizaciones. Afirman que&nbsp;<strong><em>las organizaciones est\u00e1n acopladas estructuralmente a sus entornos,<\/em><\/strong>&nbsp;algunos acoplamientos son con organizaciones espec\u00edficas, otros con un sector o un mercado. Y, por supuesto,&nbsp;<strong><em>la mayor\u00eda de las organizaciones tienen m\u00faltiples acoplamientos.<\/em><\/strong>&nbsp;Una organizaci\u00f3n cambia permanentemente, ya sea de manera intencionada o no, y lo mismo ocurre con los dem\u00e1s actores del mercado. Los clientes, proveedores, competidores y reguladores cambian, tanto en qui\u00e9nes son como en lo que esperan, desean y necesitan. Todos los actores en el mercado est\u00e1n vinculados de manera sist\u00e9mica,&nbsp;<strong><em>y cambios significativos de un actor tiene impacto en los dem\u00e1s.<\/em><\/strong>&nbsp;Cada acoplamiento estructural afecta de alguna manera a todo el sistema. En palabras de Hoverstadt y Loh:<\/p>\n\n\n\n<p><strong><em>\u201cEmpiezas a organizar tus actividades para abordar las demandas de un acoplamiento y, a medida que lo haces, te cambia y cambias a tu contraparte.<\/em><\/strong><em>&nbsp;Porque, por supuesto, en el otro lado de esta relaci\u00f3n tambi\u00e9n est\u00e1 sucediendo el mismo proceso de coevoluci\u00f3n\u201d.<\/em><\/p>\n\n\n\n<p><strong><em>A medida que adaptamos nuestra organizaci\u00f3n para cumplir con los requerimientos o presiones del entorno, avanzamos y nos exponemos a nuevas presiones y requerimientos.<\/em><\/strong>&nbsp;Por su parte nuestro entorno tambi\u00e9n se modifica. Ser inconscientes a nuestros acoplamientos estructurales, nos expone a&nbsp;<strong><em>riesgos y oportunidades<\/em><\/strong>. Cada adaptaci\u00f3n t\u00e1ctica hace el acoplamiento m\u00e1s estrecho;&nbsp;<strong><em>cada cambio representa un compromiso de energ\u00eda, recursos y enfoque.<\/em><\/strong>&nbsp;En palabras de Hoverstadt y Loh:<\/p>\n\n\n\n<p><em>\u201cSe invierte mucha energ\u00eda en solidificar cada relaci\u00f3n existente, ya sea buena o mala, y puede ser dif\u00edcil o imposible salir.&nbsp;<strong>El ciclo es implacable, y mientras los pasos pueden ser tan peque\u00f1os que pasan desapercibidos, el efecto acumulativo es enorme\u201d.<\/strong><\/em><\/p>\n\n\n\n<p>Cuando miramos hacia atr\u00e1s el camino que hemos recorrido, nos parece que tomamos elecciones conscientes, sin embargo, la mayor\u00eda de las decisiones surgieron de las circunstancias, no por una supuesta estrategia deliberada. El fil\u00f3sofo escoc\u00e9s del siglo XVIII, Adam Smith en su teor\u00eda de la<strong><em>&nbsp;Mano Invisible<\/em><\/strong>afirmaba que los mercados se autorregulan, por lo que hab\u00eda que estar atento a los cambios del entorno para analizar c\u00f3mo nos pod\u00eda afectar y tratar de reaccionar de la mejor forma posible. Dos siglos m\u00e1s tarde, Alfred Chandler, profesor en la Harvard Business School, haciendo un gui\u00f1o a Adam Smith, desarroll\u00f3 la teor\u00eda de la&nbsp;<strong><em>Mano Visible<\/em>,&nbsp;<\/strong>que sugiere que&nbsp;<strong><em>las decisiones que tomamos son visibles y marcan el futuro de las organizaciones que dirigimos y nuestro propio futuro.<\/em><\/strong>&nbsp;Esta teor\u00eda no tard\u00f3 en convertirse en un cl\u00e1sico, que ayud\u00f3 a tomar conciencia que las empresas son actores econ\u00f3micos y sociales de primer orden. Desarrollar una estrategia deliberada requiere entender las relaciones en el mercado y las interacciones entre ellas. Miquel Llad\u00f3 profesor del IESE en su libro&nbsp;<strong><em>Enamorarse del futuro<\/em><\/strong>, se\u00f1ala:<\/p>\n\n\n\n<p><em>\u201cDebemos asumir que tenemos mucho que decir y que hacer, porque&nbsp;<strong>somos los protagonistas principales de nuestras vidas<\/strong>, somos en gran parte la causa de lo que nos pasa, [\u2026]&nbsp;<strong>podemos hacer que las cosas pasen, no tan solo que las cosas nos pasen\u201d.<\/strong><\/em><\/p>\n\n\n\n<p>Al igual que la evoluci\u00f3n biol\u00f3gica no requiere la mano de un dise\u00f1ador consciente,&nbsp;<strong><em>en las organizaciones, el acoplamiento estructural no exige que haya ninguna estrategia consciente para que ocurra.<\/em><\/strong>&nbsp;Lo que observamos es un conjunto de fuerzas naturales que impulsan a las organizaciones en direcciones particulares sin ninguna intervenci\u00f3n, a menos que seamos capaces de comprender esas fuerzas y queramos cambiarlas.&nbsp;<strong><em>El acoplamiento estructural nos llevar\u00e1 a cualquier parte a menos que dise\u00f1emos una estrategia deliberada para alterar su rumbo o incluso eliminarlo.&nbsp;<\/em><\/strong>En palabras de Hoverstadt y Loh:<\/p>\n\n\n\n<p><strong><em>\u201cCuando el pr\u00f3ximo paso, la pr\u00f3xima acci\u00f3n, parezca obvia, deber\u00edamos hacer una pausa y reflexionar:&nbsp;<\/em><\/strong><em>\u00bfEstamos haciendo esto de una manera consciente? \u00bfEs hacia d\u00f3nde queremos dirigirnos?&nbsp;<strong>\u00bfO simplemente estamos siguiendo la inercia de la relaci\u00f3n y siendo impulsados por su trayectoria?\u201d.<\/strong><\/em><\/p>\n\n\n\n<p>En una organizaci\u00f3n,&nbsp;<strong><em>las relaciones impulsan casi todo<\/em><\/strong>, desde las pr\u00e1cticas operativas, la cultura, la estrategia, hasta las decisiones de inversi\u00f3n. Cada&nbsp;<strong><em>&#8216;decisi\u00f3n&#8217;<\/em><\/strong>&nbsp;y cada movimiento parece una elecci\u00f3n racional, y, por supuesto, lo es en su circunstancia espec\u00edfica, pero no por una estrategia deliberada.&nbsp;<strong><em>Las decisiones y la racionalidad est\u00e1n modeladas por la inercia de la relaci\u00f3n<\/em><\/strong>, y los tomadores de decisi\u00f3n, simplemente act\u00faan en consecuencia. Henry Mintzberg en su libro&nbsp;<strong><em>Safari a la estrategia<\/em><\/strong>&nbsp;sostiene que la estrategia de las empresas surge de las decisiones y acciones concretas que realizan y la llama&nbsp;<strong><em>&#8216;estrategia emergente&#8217;<\/em><\/strong>, en oposici\u00f3n a los planes estrat\u00e9gicos que apenas se implementan.&nbsp;<strong><em>El acoplamiento estructural explica el mecanismo de la estrategia emergente.&nbsp;<\/em><\/strong>Seamos conscientes o no de los patrones que seguimos, \u00e9stos est\u00e1n determinados por&nbsp;<strong><em>la inercia de la relaci\u00f3n de nuestros acoplamientos estructurales.<\/em><\/strong>&nbsp;El pensamiento estrat\u00e9gico, consiste en tomar conciencia de nuestros acoplamientos estructurales.&nbsp;<strong><em>A partir de esta comprensi\u00f3n,<\/em><\/strong>&nbsp;<strong><em>ser\u00e1 posible formular y ejecutar una intenci\u00f3n estrat\u00e9gica con mayor probabilidad de \u00e9xito.<\/em><\/strong>&nbsp;De lo contrario, las abrumadoras fuerzas evolutivas tomar\u00e1n el control y, como la mayor\u00eda de los intentos, nuestras sesudas estrategias fracasar\u00e1n o simplemente jam\u00e1s ser\u00e1n implementadas. Hoverstadt y Loh, propone que nos hagamos las siguientes preguntas:<\/p>\n\n\n\n<ul>\n<li>\u00bfEn qu\u00e9 relaciones de acoplamiento estructural estamos?<\/li>\n\n\n\n<li>\u00bfA d\u00f3nde nos lleva una relaci\u00f3n como esta?<\/li>\n\n\n\n<li>\u00bfEs a donde queremos ir?<\/li>\n\n\n\n<li>\u00bfEn qu\u00e9 nos convertir\u00e1 esto?<\/li>\n\n\n\n<li>Si no es a donde queremos ir, \u00bfqu\u00e9 podemos hacer para cambiarlo?<\/li>\n<\/ul>\n\n\n\n<p>A lo largo de millones de a\u00f1os, los seres vivos han formado un sistema global de soporte vital y, dentro de este sistema, han creado innumerables nichos para una diversidad de organismos. Los animales, aunque aprenden,&nbsp;<strong><em>dependen en gran medida de sus instintos para interactuar con su entorno<\/em><\/strong>. Sin embargo, los seres humanos adem\u00e1s tenemos la posibilidad de reflexionar para comprender nuestras circunstancias.&nbsp;<strong><em>Reflexionar, implica un acto de autoconciencia y autoexamen que permite al individuo o al sistema reconocer sus propias pautas de acci\u00f3n y pensamiento.<\/em><\/strong>&nbsp;Es un proceso que habilita la adaptaci\u00f3n y el aprendizaje, pues al reflexionar, el individuo puede identificar c\u00f3mo sus estructuras internas (creencias, pensamientos, emociones) interact\u00faan con su entorno y c\u00f3mo estas interacciones afectan su capacidad para actuar en el mundo. En palabras de Maturana:<\/p>\n\n\n\n<p><strong><em>\u201cEl acto de la reflexi\u00f3n consiste en salirse un poco de la ocasi\u00f3n<\/em><\/strong><em>&nbsp;en la cual uno se encuentra y mirar con una mirada m\u00e1s amplia para ver donde se est\u00e1.&nbsp;<strong>La reflexi\u00f3n es lo \u00fanico que nos saca de cualquier trampa, porque nos permite ver d\u00f3nde estamos y escoger\u201d.<\/strong><\/em><\/p>\n\n\n\n<p><strong><em>Los seres humanos hemos transformado el mundo natural con una rapidez pasmosa,&nbsp;<\/em><\/strong>pero lamentablemente sin cuidar los equilibrios del sistema. La reflexi\u00f3n tiene por objeto explorar oportunidades de mejora y cambio, para encontrar soluciones m\u00e1s adecuadas. Tenemos la capacidad de reflexionar sobre las acciones pasadas para mejorar y, lo que quiz\u00e1 sea a\u00fan m\u00e1s significativo:&nbsp;<strong><em>asumir la responsabilidad por las acciones actuales y futuras.<\/em><\/strong>&nbsp;Lawrence Freedman, profesor del King&#8217;s College de Londres ha dedicado su vida a los estudios estrat\u00e9gicos. En su libro&nbsp;<strong><em>Estrategia: Una Historia&nbsp;<\/em><\/strong>afirma que la estrategia es mucho m\u00e1s que un plan. El factor exterior es pieza fundamental, en primer lugar, consider\u00e1ndolo y ley\u00e9ndolo y en segundo lugar actuando en consecuencia. La estrategia, en buena parte, va de eso, de pensar en la futura reacci\u00f3n del entorno a todo lo que hagamos. Freedman se\u00f1ala:<\/p>\n\n\n\n<p><strong><em>\u201cLas estrategias, por tanto, no deben entenderse como medios para conseguir el control&nbsp;<\/em><\/strong><em>sobre determinadas situaciones, sino como modos de afrontar situaciones en las que nadie tiene un control total\u201d.<\/em><\/p>\n\n\n\n<p>Maturana incorporaba la&nbsp;<strong><em>armon\u00eda<\/em><\/strong>&nbsp;como una posibilidad de estabilidad que permite el respeto de s\u00ed mismo y como consecuencia&nbsp;<strong><em>&#8216;al otro como un leg\u00edtimo otro en la convivencia&#8217;.&nbsp;<\/em><\/strong>El t\u00e9rmino&nbsp;<strong><em>&#8216;arm\u00f3nico&#8217;<\/em><\/strong>&nbsp;en el pensamiento de Maturana puede entenderse como una caracter\u00edstica de las interacciones entre los seres vivos (y entre estos y su medio ambiente) que promueve la coexistencia y cooperaci\u00f3n de manera fluida y beneficiosa.&nbsp;<strong><em>Lo arm\u00f3nico refleja una calidad de las relaciones y procesos que contribuyen a la sustentaci\u00f3n y regeneraci\u00f3n de la vida de manera integrada y sostenible.<\/em><\/strong>&nbsp;En un sistema arm\u00f3nico, los componentes y procesos interact\u00faan de manera que se complementan y enriquecen mutuamente, facilitando la cohesi\u00f3n y adaptabilidad del sistema como un todo.&nbsp;<strong><em>El acoplamiento estructural es el motor que en gran medida impulsa la evoluci\u00f3n de las organizaciones,&nbsp;<\/em><\/strong>generando fuerzas, en gran parte invisibles, que nos impulsan en una direcci\u00f3n particular. Si queremos mejorar la calidad de nuestro pensamiento estrat\u00e9gico, necesitamos&nbsp;<strong><em>reflexionar en qu\u00e9 relaciones de acoplamiento estructural estamos inmersos, cuan arm\u00f3nicas son y qu\u00e9 queremos conservar.<\/em><\/strong>&nbsp;Maturana afirmaba:<\/p>\n\n\n\n<p><strong><em>\u201cGeneralmente no nos hacemos la pregunta de qu\u00e9 es lo que quiero conservar porque pensamos que el cambio tiene sentido en s\u00ed mismo. Y no es as\u00ed<\/em><\/strong><em>. El cambio tiene sentido \u00fanicamente con relaci\u00f3n a lo que se conserva, eso es lo que le da sentido. Por eso nosotros hablamos de que&nbsp;<strong>lo que importa no es lo que queremos cambiar, sino lo que queremos conservar.<\/strong>&nbsp;<strong>Las empresas que perduran son aquellas que conservan su identidad y han sabido adaptarse a nuevos tiempos sin perder su idiosincrasia\u201d.<\/strong><\/em><\/p>\n","protected":false},"excerpt":{"rendered":"<p>En septiembre de 1835, el Beagle, ya de vuelta a casa, hizo escala en unas islas conocidas como las Gal\u00e1pagos. El capit\u00e1n FitzRoy le dio una semana Darwin para explorar. En la primera isla,&nbsp;Darwin qued\u00f3 sorprendido por la enorme variedad de especies&nbsp;diferentes que encontr\u00f3. Sin embargo, al seguir recorriendo las otras islas del archipi\u00e9lago,&nbsp;descubri\u00f3 que las mismas especies difer\u00edan de [&hellip;]<\/p>\n","protected":false},"author":1,"featured_media":1045,"comment_status":"open","ping_status":"open","sticky":false,"template":"","format":"standard","meta":[],"categories":[418,34,158,419,414,30,412,415,17,226,405,109,28,409,48,332,334,64,52,147,160,313,327,413,397,6,18,33,50,90,58,267,138,110,403,126,98,37,227,31,86,333,420,243,216,152,299,125,324,19,411,421,119,410,240,85,76,59,53,269,51,417,321],"tags":[],"_links":{"self":[{"href":"http:\/\/www.imagen.cl\/blog\/index.php\/wp-json\/wp\/v2\/posts\/1042"}],"collection":[{"href":"http:\/\/www.imagen.cl\/blog\/index.php\/wp-json\/wp\/v2\/posts"}],"about":[{"href":"http:\/\/www.imagen.cl\/blog\/index.php\/wp-json\/wp\/v2\/types\/post"}],"author":[{"embeddable":true,"href":"http:\/\/www.imagen.cl\/blog\/index.php\/wp-json\/wp\/v2\/users\/1"}],"replies":[{"embeddable":true,"href":"http:\/\/www.imagen.cl\/blog\/index.php\/wp-json\/wp\/v2\/comments?post=1042"}],"version-history":[{"count":1,"href":"http:\/\/www.imagen.cl\/blog\/index.php\/wp-json\/wp\/v2\/posts\/1042\/revisions"}],"predecessor-version":[{"id":1044,"href":"http:\/\/www.imagen.cl\/blog\/index.php\/wp-json\/wp\/v2\/posts\/1042\/revisions\/1044"}],"wp:featuredmedia":[{"embeddable":true,"href":"http:\/\/www.imagen.cl\/blog\/index.php\/wp-json\/wp\/v2\/media\/1045"}],"wp:attachment":[{"href":"http:\/\/www.imagen.cl\/blog\/index.php\/wp-json\/wp\/v2\/media?parent=1042"}],"wp:term":[{"taxonomy":"category","embeddable":true,"href":"http:\/\/www.imagen.cl\/blog\/index.php\/wp-json\/wp\/v2\/categories?post=1042"},{"taxonomy":"post_tag","embeddable":true,"href":"http:\/\/www.imagen.cl\/blog\/index.php\/wp-json\/wp\/v2\/tags?post=1042"}],"curies":[{"name":"wp","href":"https:\/\/api.w.org\/{rel}","templated":true}]}}